{"id":717,"date":"2020-01-14T16:03:37","date_gmt":"2020-01-14T13:03:37","guid":{"rendered":"https:\/\/ggd.org.tr\/en\/?p=717"},"modified":"2021-07-29T13:26:41","modified_gmt":"2021-07-29T10:26:41","slug":"tarim-ve-orman-bakani-sayin-dr-bekir-pakdemirliyi-ziyaret-ettik","status":"publish","type":"post","link":"https:\/\/ggd.org.tr\/en\/tarim-ve-orman-bakani-sayin-dr-bekir-pakdemirliyi-ziyaret-ettik\/","title":{"rendered":"We have visited H.E.Dr.Bekir Pakdemirli, Minister of Agriculture and Forestry"},"content":{"rendered":"<p><a href=\"https:\/\/ggd.org.tr\/en\/wp-content\/uploads\/2021\/05\/Bakanlik-Foto-2020.png\"><img loading=\"lazy\" class=\"alignnone wp-image-719 size-full\" src=\"https:\/\/ggd.org.tr\/en\/wp-content\/uploads\/2021\/05\/Bakanlik-Foto-2020.png\" alt=\"\" width=\"800\" height=\"500\" srcset=\"https:\/\/ggd.org.tr\/en\/wp-content\/uploads\/2021\/05\/Bakanlik-Foto-2020.png 800w, https:\/\/ggd.org.tr\/en\/wp-content\/uploads\/2021\/05\/Bakanlik-Foto-2020-300x188.png 300w, https:\/\/ggd.org.tr\/en\/wp-content\/uploads\/2021\/05\/Bakanlik-Foto-2020-768x480.png 768w, https:\/\/ggd.org.tr\/en\/wp-content\/uploads\/2021\/05\/Bakanlik-Foto-2020-705x441.png 705w\" sizes=\"(max-width: 800px) 100vw, 800px\" \/><\/a><\/p>\n<p>Bug\u00fcn G\u0131da G\u00fcvenli\u011fi Derne\u011fi olarak Tar\u0131m ve Orman Bakan\u0131 Say\u0131n Dr.Bekir Pakdemirli&#8217;yi ziyaret ederek hem g\u0131da kayb\u0131 ve at\u0131\u011f\u0131 konusundaki \u00e7al\u0131\u015fmalar\u0131m\u0131z\u0131, hem de 4-5 Haziran 2020 tarihinde d\u00fczenleyece\u011fimiz 7.Uluslararas\u0131 G\u0131da G\u00fcvenli\u011fi Kongresi organizasyonundaki son durumu aktard\u0131k.<\/p>\n<p>&nbsp;<\/p>\n","protected":false},"excerpt":{"rendered":"<p>Bug\u00fcn G\u0131da G\u00fcvenli\u011fi Derne\u011fi olarak Tar\u0131m ve Orman Bakan\u0131 Say\u0131n Dr.Bekir Pakdemirli&#8217;yi ziyaret ederek hem g\u0131da kayb\u0131 ve at\u0131\u011f\u0131 konusundaki \u00e7al\u0131\u015fmalar\u0131m\u0131z\u0131, hem de 4-5 Haziran 2020 tarihinde d\u00fczenleyece\u011fimiz 7.Uluslararas\u0131 G\u0131da G\u00fcvenli\u011fi Kongresi organizasyonundaki son durumu aktard\u0131k. &nbsp;<\/p>\n","protected":false},"author":2,"featured_media":719,"comment_status":"closed","ping_status":"open","sticky":false,"template":"","format":"standard","meta":[],"categories":[4],"tags":[],"_links":{"self":[{"href":"https:\/\/ggd.org.tr\/en\/wp-json\/wp\/v2\/posts\/717"}],"collection":[{"href":"https:\/\/ggd.org.tr\/en\/wp-json\/wp\/v2\/posts"}],"about":[{"href":"https:\/\/ggd.org.tr\/en\/wp-json\/wp\/v2\/types\/post"}],"author":[{"embeddable":true,"href":"https:\/\/ggd.org.tr\/en\/wp-json\/wp\/v2\/users\/2"}],"replies":[{"embeddable":true,"href":"https:\/\/ggd.org.tr\/en\/wp-json\/wp\/v2\/comments?post=717"}],"version-history":[{"count":4,"href":"https:\/\/ggd.org.tr\/en\/wp-json\/wp\/v2\/posts\/717\/revisions"}],"predecessor-version":[{"id":3470,"href":"https:\/\/ggd.org.tr\/en\/wp-json\/wp\/v2\/posts\/717\/revisions\/3470"}],"wp:featuredmedia":[{"embeddable":true,"href":"https:\/\/ggd.org.tr\/en\/wp-json\/wp\/v2\/media\/719"}],"wp:attachment":[{"href":"https:\/\/ggd.org.tr\/en\/wp-json\/wp\/v2\/media?parent=717"}],"wp:term":[{"taxonomy":"category","embeddable":true,"href":"https:\/\/ggd.org.tr\/en\/wp-json\/wp\/v2\/categories?post=717"},{"taxonomy":"post_tag","embeddable":true,"href":"https:\/\/ggd.org.tr\/en\/wp-json\/wp\/v2\/tags?post=717"}],"curies":[{"name":"wp","href":"https:\/\/api.w.org\/{rel}","templated":true}]}}