{"id":4190,"date":"2023-06-07T08:22:03","date_gmt":"2023-06-07T05:22:03","guid":{"rendered":"https:\/\/ggd.org.tr\/en\/?p=4190"},"modified":"2023-06-10T08:23:24","modified_gmt":"2023-06-10T05:23:24","slug":"we-celebrate-the-world-food-safety-day-2","status":"publish","type":"post","link":"https:\/\/ggd.org.tr\/en\/we-celebrate-the-world-food-safety-day-2\/","title":{"rendered":"We Celebrate the World Food Safety Day"},"content":{"rendered":"<p>D\u00fcnya Sa\u011fl\u0131k \u00d6rg\u00fct\u00fc (WHO) ile G\u0131da ve Tar\u0131m \u00d6rg\u00fct\u00fc (FAO) bu y\u0131l D\u00fcnya G\u0131da G\u00fcvenli\u011fi g\u00fcn\u00fcn\u00fcn temas\u0131n\u0131 \u201cG\u0131da Standartlar\u0131 Hayat Kurtar\u0131yor\u201d olarak belirleyerek g\u00fcvenli g\u0131dalar\u0131n insan sa\u011fl\u0131\u011f\u0131 \u00fczerindeki kritik \u00f6nemini vurguluyor.<\/p>\n<p>G\u0131da standartlar\u0131 g\u0131da \u00fcr\u00fcnleri ve g\u0131da \u00fcretim yerlerinin uymas\u0131 gereken her t\u00fcrl\u00fc kriteri, kurallar\u0131, k\u0131sacas\u0131 yasal mevzuat\u0131 ifade etmektedir.\u00a0Hepimizin g\u00fcvenli g\u0131dalardan yararlanabilmesi i\u00e7in ortak bir lisan\u0131 olu\u015ftururlar. Bu standartlar g\u0131da tedarik zinciri boyunca ba\u015fta mikrobiyolojik kriterler olmak \u00fczere, veteriner ila\u00e7 ve pestisit kal\u0131nt\u0131lar\u0131, \u00e7e\u015fitli kimyasal bula\u015fanlar ve katk\u0131 maddelerinin kullan\u0131m\u0131 hakk\u0131ndaki limitleri ve kurallar\u0131\u00a0 d\u00fczenleyerek\u00a0 g\u0131dalar\u0131n t\u00fcketicilere g\u00fcvenli \u015fekilde ula\u015fmas\u0131n\u0131 sa\u011flar. Standartlar hem t\u00fcketicilerin sa\u011fl\u0131\u011f\u0131n\u0131 korumu\u015f olur, hem de \u00fcreticilere yol g\u00f6sterir. B\u00f6ylece t\u00fcketicinin kendisine sunulan g\u0131daya olan g\u00fcveni artar.<\/p>\n<p>G\u00fcvenli g\u0131da, sa\u011fl\u0131kl\u0131 yar\u0131nlar!<\/p>\n","protected":false},"excerpt":{"rendered":"<p>D\u00fcnya Sa\u011fl\u0131k \u00d6rg\u00fct\u00fc (WHO) ile G\u0131da ve Tar\u0131m \u00d6rg\u00fct\u00fc (FAO) bu y\u0131l D\u00fcnya G\u0131da G\u00fcvenli\u011fi g\u00fcn\u00fcn\u00fcn temas\u0131n\u0131 \u201cG\u0131da Standartlar\u0131 Hayat Kurtar\u0131yor\u201d olarak belirleyerek g\u00fcvenli g\u0131dalar\u0131n insan sa\u011fl\u0131\u011f\u0131 \u00fczerindeki kritik \u00f6nemini vurguluyor. G\u0131da standartlar\u0131 g\u0131da \u00fcr\u00fcnleri ve g\u0131da \u00fcretim yerlerinin uymas\u0131 gereken her t\u00fcrl\u00fc kriteri, kurallar\u0131, k\u0131sacas\u0131 yasal mevzuat\u0131 ifade etmektedir.\u00a0Hepimizin g\u00fcvenli g\u0131dalardan yararlanabilmesi i\u00e7in ortak [&hellip;]<\/p>\n","protected":false},"author":2,"featured_media":4191,"comment_status":"closed","ping_status":"open","sticky":false,"template":"","format":"standard","meta":[],"categories":[4],"tags":[],"_links":{"self":[{"href":"https:\/\/ggd.org.tr\/en\/wp-json\/wp\/v2\/posts\/4190"}],"collection":[{"href":"https:\/\/ggd.org.tr\/en\/wp-json\/wp\/v2\/posts"}],"about":[{"href":"https:\/\/ggd.org.tr\/en\/wp-json\/wp\/v2\/types\/post"}],"author":[{"embeddable":true,"href":"https:\/\/ggd.org.tr\/en\/wp-json\/wp\/v2\/users\/2"}],"replies":[{"embeddable":true,"href":"https:\/\/ggd.org.tr\/en\/wp-json\/wp\/v2\/comments?post=4190"}],"version-history":[{"count":2,"href":"https:\/\/ggd.org.tr\/en\/wp-json\/wp\/v2\/posts\/4190\/revisions"}],"predecessor-version":[{"id":4236,"href":"https:\/\/ggd.org.tr\/en\/wp-json\/wp\/v2\/posts\/4190\/revisions\/4236"}],"wp:featuredmedia":[{"embeddable":true,"href":"https:\/\/ggd.org.tr\/en\/wp-json\/wp\/v2\/media\/4191"}],"wp:attachment":[{"href":"https:\/\/ggd.org.tr\/en\/wp-json\/wp\/v2\/media?parent=4190"}],"wp:term":[{"taxonomy":"category","embeddable":true,"href":"https:\/\/ggd.org.tr\/en\/wp-json\/wp\/v2\/categories?post=4190"},{"taxonomy":"post_tag","embeddable":true,"href":"https:\/\/ggd.org.tr\/en\/wp-json\/wp\/v2\/tags?post=4190"}],"curies":[{"name":"wp","href":"https:\/\/api.w.org\/{rel}","templated":true}]}}