{"id":2765,"date":"2008-10-15T15:59:22","date_gmt":"2008-10-15T12:59:22","guid":{"rendered":"https:\/\/ggd.org.tr\/en\/?p=2765"},"modified":"2021-07-29T09:55:55","modified_gmt":"2021-07-29T06:55:55","slug":"16-ekim-dunya-gida-gunu","status":"publish","type":"post","link":"https:\/\/ggd.org.tr\/en\/16-ekim-dunya-gida-gunu\/","title":{"rendered":"16 October World Food Day"},"content":{"rendered":"<p style=\"font-weight: 400;\">G\u0131da G\u00fcvenli\u011fi Derne\u011fi Y\u00f6netim Kurulu Ba\u015fkan\u0131 Samim Saner&#8217;in 16 Ekim D\u00fcnya G\u0131da G\u00fcn\u00fc nedeniyle bas\u0131n a\u00e7\u0131klamas\u0131 yapt\u0131. Saner, &#8220;Bu y\u0131lki D\u00fcnya G\u0131da G\u00fcn\u00fc&#8217;n\u00fcn konusu: &#8220;D\u00fcnya G\u0131da G\u00fcvencesi: \u0130klim de\u011fi\u015fikli\u011finin yarataca\u011f\u0131 etkiler  ve Biyoenerji&#8221;dir. D\u00fcnya G\u0131da G\u00fcn\u00fc, d\u00fcnya genelinde 923 milyon insan\u0131n k\u00f6t\u00fc bir \u015fekilde beslendi\u011fi ger\u00e7e\u011finin alt\u0131n\u0131 bir kez daha \u00e7iziyor. Bu insanlar\u0131n pek \u00e7o\u011fu k\u0131rsal alanda ya\u015f\u0131yor ve gelirlerinin \u00e7ok b\u00fcy\u00fck bir kesimini tar\u0131mdan elde ediyor. K\u00fcresel \u0131s\u0131nma ve biyoenerji ile birlikte a\u00e7 insan say\u0131s\u0131 artmaya ba\u015flayaca\u011f\u0131 tahmin ediliyor.  \u0130klim de\u011fi\u015fikli\u011fi ku\u015fkusuz az veya \u00e7ok d\u00fcnyam\u0131zdaki herkesi etkileyecektir. \u0130klim de\u011fi\u015fikli\u011fi kullan\u0131labilir tar\u0131msal arazilerimizi, suyumuzu ve biyolojik \u00e7e\u015fitlili\u011fimizi  etkileyecektir. S\u0131cakl\u0131k ve ya\u011f\u0131\u015flardaki de\u011fi\u015fiklikler ile birlikte hava ko\u015fullar\u0131n\u0131n sertle\u015fmesi tar\u0131msal \u00fcretimi ve dolay\u0131s\u0131yla g\u0131daya eri\u015fimi olumsuz y\u00f6nde etkileyecektir.   Bundan \u00f6zellikle ba\u015fta Afrika \u00fclkeleri olmak \u00fczere \u015fu an a\u00e7l\u0131k \u00e7eken b\u00f6lgeler daha fazla etkilenecektir. Di\u011fer taraftan iklim de\u011fi\u015fikli\u011fi;  g\u0131da ve su kaynakl\u0131 enfeksiyon hastal\u0131klar\u0131n\u0131n, zoonotik hastal\u0131klar\u0131n ve hayvan hastal\u0131klar\u0131n\u0131n artmas\u0131na bu nedenle g\u0131dalarda veteriner ila\u00e7 kal\u0131nt\u0131lar\u0131n\u0131n artmas\u0131na , k\u00fcf \u00fcremesinin ve dolay\u0131s\u0131yla mikotoksin kontaminasyonunun artmas\u0131na, denizlerde zararl\u0131 yosun t\u00fcrlerinin olu\u015fmas\u0131na ve di\u011fer \u015fu andan net olarak \u00f6ng\u00f6r\u00fclemeyen \u00e7e\u015fitli g\u0131da g\u00fcvenli\u011fi sorunlar\u0131na yol a\u00e7abilecektir.<\/p>\n<p style=\"font-weight: 400;\">B\u00fct\u00fcn bu olumsuzluklara ra\u011fmen   D\u00fcnya G\u0131da G\u00fcn\u00fcn\u00fc kutluyoruz.<\/p>\n<p style=\"font-weight: 400;\">\u00c7\u00fcnk\u00fc bug\u00fcn\u00fcn amac\u0131; a\u00e7l\u0131k, k\u00f6t\u00fc beslenme ve g\u0131da g\u00fcvenli\u011fi  ile ulusal ve uluslararas\u0131 \u00f6l\u00e7ekte m\u00fccadele i\u00e7in dayan\u0131\u015fmay\u0131 g\u00fc\u00e7lendirmek ve fark\u0131ndal\u0131\u011f\u0131 yaratmakt\u0131r. \u00dclkemizde ve d\u00fcnyam\u0131zda bu fark\u0131ndal\u0131\u011fa  daha \u00e7ok yakla\u015faca\u011f\u0131m\u0131z sa\u011fl\u0131kl\u0131 g\u00fcnler diliyoruz.&#8221;  dedi.<\/p>\n","protected":false},"excerpt":{"rendered":"<p>G\u0131da G\u00fcvenli\u011fi Derne\u011fi Y\u00f6netim Kurulu Ba\u015fkan\u0131 Samim Saner&#8217;in 16 Ekim D\u00fcnya G\u0131da G\u00fcn\u00fc nedeniyle bas\u0131n a\u00e7\u0131klamas\u0131 yapt\u0131. Saner, &#8220;Bu y\u0131lki D\u00fcnya G\u0131da G\u00fcn\u00fc&#8217;n\u00fcn konusu: &#8220;D\u00fcnya G\u0131da G\u00fcvencesi: \u0130klim de\u011fi\u015fikli\u011finin yarataca\u011f\u0131 etkiler ve Biyoenerji&#8221;dir. D\u00fcnya G\u0131da G\u00fcn\u00fc, d\u00fcnya genelinde 923 milyon insan\u0131n k\u00f6t\u00fc bir \u015fekilde beslendi\u011fi ger\u00e7e\u011finin alt\u0131n\u0131 bir kez daha \u00e7iziyor. Bu insanlar\u0131n pek \u00e7o\u011fu [&hellip;]<\/p>\n","protected":false},"author":2,"featured_media":0,"comment_status":"closed","ping_status":"open","sticky":false,"template":"","format":"standard","meta":[],"categories":[4],"tags":[],"_links":{"self":[{"href":"https:\/\/ggd.org.tr\/en\/wp-json\/wp\/v2\/posts\/2765"}],"collection":[{"href":"https:\/\/ggd.org.tr\/en\/wp-json\/wp\/v2\/posts"}],"about":[{"href":"https:\/\/ggd.org.tr\/en\/wp-json\/wp\/v2\/types\/post"}],"author":[{"embeddable":true,"href":"https:\/\/ggd.org.tr\/en\/wp-json\/wp\/v2\/users\/2"}],"replies":[{"embeddable":true,"href":"https:\/\/ggd.org.tr\/en\/wp-json\/wp\/v2\/comments?post=2765"}],"version-history":[{"count":3,"href":"https:\/\/ggd.org.tr\/en\/wp-json\/wp\/v2\/posts\/2765\/revisions"}],"predecessor-version":[{"id":3455,"href":"https:\/\/ggd.org.tr\/en\/wp-json\/wp\/v2\/posts\/2765\/revisions\/3455"}],"wp:attachment":[{"href":"https:\/\/ggd.org.tr\/en\/wp-json\/wp\/v2\/media?parent=2765"}],"wp:term":[{"taxonomy":"category","embeddable":true,"href":"https:\/\/ggd.org.tr\/en\/wp-json\/wp\/v2\/categories?post=2765"},{"taxonomy":"post_tag","embeddable":true,"href":"https:\/\/ggd.org.tr\/en\/wp-json\/wp\/v2\/tags?post=2765"}],"curies":[{"name":"wp","href":"https:\/\/api.w.org\/{rel}","templated":true}]}}