{"id":2728,"date":"2006-12-13T14:55:53","date_gmt":"2006-12-13T11:55:53","guid":{"rendered":"https:\/\/ggd.org.tr\/en\/?p=2728"},"modified":"2021-08-05T12:41:19","modified_gmt":"2021-08-05T09:41:19","slug":"gidatek-fuarindaydik","status":"publish","type":"post","link":"https:\/\/ggd.org.tr\/en\/gidatek-fuarindaydik\/","title":{"rendered":"FoodTech Fair"},"content":{"rendered":"<p>9-12 Kas\u0131m tarihlerinde &#8220;GIDATEK 2006&#8221; Fuar&#8217;\u0131nda sekt\u00f6r\u00fcn di\u011fer \u00f6nde gelen kurulu\u015flar\u0131 ile ortak \u00e7at\u0131 alt\u0131nda yerimizi ald\u0131k.GGD, yakla\u015f\u0131k 2 y\u0131ld\u0131r s\u00fcren \u00f6zverili \u00e7al\u0131\u015fmalar\u0131 do\u011frultusunda T\u00dcYAP&#8217;\u0131 ikna ederek bu fuar&#8217;\u0131n T\u00fcrkiye&#8217;de ilk kez yap\u0131lmas\u0131nda \u00f6nemli rol oynam\u0131\u015ft\u0131r.<\/p>\n<p>Fuar&#8217;a g\u0131da g\u00fcvenli\u011fi, hijyen ve kalite kontrol teknolojileri kapsam\u0131nda son d\u00f6nemde Avrupa Birli\u011fi uyum s\u00fcrecinde b\u00fcy\u00fck \u00f6nem kazanan, g\u0131da \u00fcretim kalitesine ve g\u00fcvenli\u011fine y\u00f6nelik laboratuar teknolojileri ve hizmetleri ve hijyen teknolojileri \u00fcreten firmalar kat\u0131larak CE, HACCP ve ISO 22000 belgelendirme ve dan\u0131\u015fmanl\u0131k kurulu\u015flar\u0131 da hizmetlerini sunmu\u015flard\u0131r.<\/p>\n<p>Fuar G\u0131da Sekt\u00f6r\u00fc&#8217;n\u00fcn G\u0131da G\u00fcvenli\u011fi ile ilgili \u00fcr\u00fcn ve hizmet veren firmalar\u0131 bir \u00e7at\u0131 alt\u0131nda bulabilmesi ve yenilikleri g\u00f6rmesi a\u00e7\u0131s\u0131ndan \u00e7ok \u00f6nemliydi. \u0130lk kez yap\u0131lmas\u0131na ra\u011fmen kat\u0131l\u0131mc\u0131 firma ve ziyaret\u00e7i potansiyelinin y\u00fcksek olmas\u0131 fuar\u0131n bir sonraki y\u0131l daha b\u00fcy\u00fck bir kat\u0131l\u0131mc\u0131y\u0131 \u00e7ekece\u011fine kesin g\u00f6z\u00fcyle bakmam\u0131z\u0131 sa\u011flam\u0131\u015ft\u0131r.<\/p>\n","protected":false},"excerpt":{"rendered":"<p>9-12 Kas\u0131m tarihlerinde &#8220;GIDATEK 2006&#8221; Fuar&#8217;\u0131nda sekt\u00f6r\u00fcn di\u011fer \u00f6nde gelen kurulu\u015flar\u0131 ile ortak \u00e7at\u0131 alt\u0131nda yerimizi ald\u0131k.GGD, yakla\u015f\u0131k 2 y\u0131ld\u0131r s\u00fcren \u00f6zverili \u00e7al\u0131\u015fmalar\u0131 do\u011frultusunda T\u00dcYAP&#8217;\u0131 ikna ederek bu fuar&#8217;\u0131n T\u00fcrkiye&#8217;de ilk kez yap\u0131lmas\u0131nda \u00f6nemli rol oynam\u0131\u015ft\u0131r. Fuar&#8217;a g\u0131da g\u00fcvenli\u011fi, hijyen ve kalite kontrol teknolojileri kapsam\u0131nda son d\u00f6nemde Avrupa Birli\u011fi uyum s\u00fcrecinde b\u00fcy\u00fck \u00f6nem kazanan, g\u0131da [&hellip;]<\/p>\n","protected":false},"author":2,"featured_media":0,"comment_status":"closed","ping_status":"open","sticky":false,"template":"","format":"standard","meta":[],"categories":[4],"tags":[],"_links":{"self":[{"href":"https:\/\/ggd.org.tr\/en\/wp-json\/wp\/v2\/posts\/2728"}],"collection":[{"href":"https:\/\/ggd.org.tr\/en\/wp-json\/wp\/v2\/posts"}],"about":[{"href":"https:\/\/ggd.org.tr\/en\/wp-json\/wp\/v2\/types\/post"}],"author":[{"embeddable":true,"href":"https:\/\/ggd.org.tr\/en\/wp-json\/wp\/v2\/users\/2"}],"replies":[{"embeddable":true,"href":"https:\/\/ggd.org.tr\/en\/wp-json\/wp\/v2\/comments?post=2728"}],"version-history":[{"count":3,"href":"https:\/\/ggd.org.tr\/en\/wp-json\/wp\/v2\/posts\/2728\/revisions"}],"predecessor-version":[{"id":3639,"href":"https:\/\/ggd.org.tr\/en\/wp-json\/wp\/v2\/posts\/2728\/revisions\/3639"}],"wp:attachment":[{"href":"https:\/\/ggd.org.tr\/en\/wp-json\/wp\/v2\/media?parent=2728"}],"wp:term":[{"taxonomy":"category","embeddable":true,"href":"https:\/\/ggd.org.tr\/en\/wp-json\/wp\/v2\/categories?post=2728"},{"taxonomy":"post_tag","embeddable":true,"href":"https:\/\/ggd.org.tr\/en\/wp-json\/wp\/v2\/tags?post=2728"}],"curies":[{"name":"wp","href":"https:\/\/api.w.org\/{rel}","templated":true}]}}