{"id":2632,"date":"2009-03-16T13:56:01","date_gmt":"2009-03-16T10:56:01","guid":{"rendered":"https:\/\/ggd.org.tr\/en\/?p=2632"},"modified":"2021-07-29T09:46:50","modified_gmt":"2021-07-29T06:46:50","slug":"guvenilir-gida-saglikli-yasam-kampanyasi","status":"publish","type":"post","link":"https:\/\/ggd.org.tr\/en\/guvenilir-gida-saglikli-yasam-kampanyasi\/","title":{"rendered":"&#8220;Safe Food, Healthy Life Campaign&#8221;"},"content":{"rendered":"<p>Tar\u0131m ve K\u00f6yi\u015fleri Bakan\u0131 Mehdi Eker, 14 \u015eubat 2009 tarihinde \u0130stanbul Ortak\u00f6y&#8217;deki Four Seasons Otel&#8217;de ba\u015flat\u0131lan &#8220;G\u00fcvenilir G\u0131da Sa\u011fl\u0131kl\u0131 Ya\u015fam Kampanyas\u0131&#8217;nda 2009&#8217;u g\u0131da y\u0131l\u0131 ilan etti ve 174 Alo G\u0131da Hatt\u0131&#8217;n\u0131 hayata ge\u00e7irdi. G\u0131da G\u00fcvenli\u011fi Derne\u011fi de 2009 g\u0131da y\u0131l\u0131 kapsam\u0131nda Bakanl\u0131k taraf\u0131ndan yap\u0131lacak bir\u00e7ok projede sorumluluk alacak.<\/p>\n<p align=\"justify\">Lansmanda \u00f6ncelikle kampanyan\u0131n tan\u0131t\u0131m filmi izlendi. Kampanyan\u0131n a\u00e7\u0131l\u0131\u015f konu\u015fmas\u0131n\u0131 yapan Tar\u0131m ve K\u00f6yi\u015fleri Bakan\u0131 Mehmet Mehdi Eker, g\u0131da g\u00fcvenli\u011finin tarladan sofraya bir zincir oldu\u011funu belirterek, &#8220;Bunun bir halkas\u0131 vatanda\u015f\u0131n lokantada yedi\u011fi yeme\u011fin g\u00fcvenilir olmas\u0131n\u0131 temin etmektir&#8221; dedi. Ya\u015fam i\u00e7in g\u0131dan\u0131n olmazsa olmaz bir unsur oldu\u011funu, insano\u011flunun varl\u0131\u011f\u0131n\u0131n s\u00fcrd\u00fcrebilmek i\u00e7in g\u0131da t\u00fcketimine ihtiya\u00e7 duydu\u011funu ifade eden Bakan Eker, ba\u015flang\u0131\u00e7ta toplad\u0131klar\u0131 ve avlad\u0131klar\u0131n\u0131 t\u00fcketen insanlar\u0131n yerle\u015fik hayata ge\u00e7mesiyle sadece kendisi i\u00e7in de\u011fil, ba\u015fkalar\u0131 i\u00e7in de \u00fcretmeye ba\u015flad\u0131\u011f\u0131n\u0131 kaydetti. Bug\u00fcn d\u00fcnyada 1 milyar insan\u0131n g\u0131daya ula\u015famad\u0131\u011f\u0131na, \u00f6te yandan d\u00fcnyan\u0131n de\u011fi\u015fik yerlerinde insanlar\u0131n t\u00fckettikleri g\u0131dan\u0131n sa\u011fl\u0131kl\u0131 olmamas\u0131 sebebiyle hayatlar\u0131n\u0131 kaybetti\u011fine dikkat \u00e7eken Eker, g\u0131dan\u0131n sa\u011fl\u0131kl\u0131, g\u00fcvenilir olmamas\u0131ndan dolay\u0131 milyonlarca insan\u0131n hayat\u0131n\u0131 kaybetti\u011fini vurgulad\u0131.<\/p>\n<p align=\"justify\">Alo 174 hatt\u0131, toplumun en geni\u015f anlamda bu kampanyaya kat\u0131l\u0131m\u0131n\u0131 sa\u011flamay\u0131 ve toplumu bu konuyla ilgili 7 g\u00fcn 24 saat bilgilendirmeyi hedefliyor. T\u00fcketiciler herhangi bir g\u0131da sat\u0131\u015f noktas\u0131nda bir sorunla kar\u015f\u0131la\u015f\u0131rsa bu hatt\u0131 arayarak \u015fikayetini bildirebilecek. Sorun web tabanl\u0131 bir sistemle an\u0131nda tespit edilerek \u00e7\u00f6z\u00fcme ula\u015ft\u0131r\u0131lacak. \u00dcr\u00fcn\u00fcn, hangi b\u00f6lgede, hangi t\u00fcr bir sat\u0131\u015f noktas\u0131nda, hangi toplumsal alanla ili\u015fkili oldu\u011fu g\u00f6r\u00fclebilecek. B\u00fct\u00fcn bunlarla ilgili veriler de, bir veri taban\u0131na i\u015flenecek. B\u00f6ylece g\u00fcvenilir g\u0131da ile ilgili t\u00fcm s\u00fcre\u00e7ler takip edilebilir olacak. Bu da bakanl\u0131\u011f\u0131n eylem planlamas\u0131na b\u00fcy\u00fck katk\u0131 sa\u011flayacak.<\/p>\n<p align=\"justify\">Kampanya \u00e7er\u00e7evesinde Sa\u011fl\u0131k, \u0130\u00e7i\u015fleri, Milli E\u011fitim, Sanayi ve Ticaret, K\u00fclt\u00fcr ve Turizm Bakanl\u0131klar\u0131 ile beraber \u00e7al\u0131\u015fmalar da yap\u0131l\u0131yor. K\u00fclt\u00fcr ve Turizm Bakanl\u0131\u011f\u0131, turistik tesislerinde \u00e7al\u0131\u015fan personelin, g\u00fcvenilir g\u0131da hassasiyeti ile hareket etmesini temin edecek e\u011fitim programlar\u0131 d\u00fczenleyecek. Sanayi ve Ticaret Bakanl\u0131\u011f\u0131, t\u00fcketici sa\u011fl\u0131\u011f\u0131 ve korunmas\u0131 ile ilgili do\u011frudan t\u00fcketici kitlesini hedef alan bir tak\u0131m hizmetler yapacak. \u0130\u00e7i\u015fleri, Sa\u011fl\u0131k ve Milli E\u011fitim Bakanl\u0131klar\u0131 da benzer \u00e7al\u0131\u015fmalara imza atacak. Bakan Eker orta \u00f6\u011fretimdeki \u00f6\u011frencilerinde okullar\u0131ndaki alacaklar\u0131 e\u011fitimle, g\u00fcvenilir g\u0131da takip\u00e7isi olmalar\u0131n\u0131 b\u00fcy\u00fck \u00f6nem verdiklerini s\u00f6yledi.<\/p>\n<p align=\"justify\">Toplant\u0131da Sanayi ve Ticaret Bakan Zafer \u00c7a\u011flayan, T\u00fcketicinin Korunmas\u0131 ve Rekabet Yasas\u0131&#8217;n\u0131n yenilenmesi hakk\u0131nda bir konu\u015fma yapt\u0131. K\u00fclt\u00fcr ve Turizm Bakan\u0131 Ertu\u011frul G\u00fcnay ise sa\u011fl\u0131kl\u0131 bir ya\u015fam\u0131n herkesi ilgilendirdi\u011fini ifade ederek: &#8220;400 yatakl\u0131 y\u00fczde 60 seviyesinde dolu bir otelde 1 ton civar\u0131nda yiyecek, 600 ton civar\u0131nda i\u00e7ecek t\u00fcketiliyor. \u0130nan\u0131lmaz bir t\u00fcketim&#8221; dedi. \u0130\u00e7i\u015fleri Bakan\u0131 Be\u015fir Atalay her valinin g\u0131da denetimi yapaca\u011f\u0131n\u0131 belirtti.<\/p>\n<p align=\"justify\">Ba\u015fbakan Recep Tayyip Erdo\u011fan, G\u00fcvenilir G\u0131da Sa\u011fl\u0131kl\u0131 Ya\u015fam Kampanyas\u0131&#8217;n\u0131n Tan\u0131t\u0131m Toplant\u0131s\u0131&#8217;nda kat\u0131l\u0131mc\u0131lara g\u00f6r\u00fcnt\u00fcl\u00fc mesajla seslendi. Erdo\u011fan, halk sa\u011fl\u0131\u011f\u0131n\u0131n korunmas\u0131 i\u00e7in b\u00fcy\u00fck bir \u00e7aba sarf edildi\u011fini belirterek: &#8220;B\u00fct\u00fcn g\u0131da denetimleri devlet taraf\u0131ndan yap\u0131lamayaca\u011f\u0131, d\u00fcnyan\u0131n her yerinde kabul g\u00f6ren bir ger\u00e7ektir. Daha etkin sonu\u00e7lar alabilmek i\u00e7in yap\u0131lmas\u0131 gereken, g\u0131da denetimini tabana, halka yaymakt\u0131r&#8221; dedi. D\u00fcnyada g\u0131da kaynakl\u0131 hastal\u0131klar\u0131n hi\u00e7 de az bir yer tutmad\u0131\u011f\u0131n\u0131 ifade eden Erdo\u011fan, d\u00fcnyada y\u0131lda 1 milyon 800 bin ki\u015finin g\u0131da kaynakl\u0131 hastal\u0131klardan \u00f6ld\u00fc\u011f\u00fc ger\u00e7e\u011finin, bu meselenin ne kadar ciddi oldu\u011funu yeterince g\u00f6sterdi\u011fini kaydetti.<\/p>\n<p align=\"justify\">Konu\u015fmalar\u0131n ard\u0131ndan Tar\u0131m ve K\u00f6yi\u015fleri Bakan\u0131 Mehdi Eker, K\u00fclt\u00fcr ve Turizm Bakan\u0131 Ertu\u011frul G\u00fcnay, Sanayi ve Ticaret Bakan\u0131 Zafer \u00c7a\u011flayan, \u0130\u00e7i\u015fleri Bakan\u0131 Be\u015fir Atalay, i\u015fbirli\u011fi protokol\u00fcne imza atarak kampanyay\u0131 ba\u015flatt\u0131 ve Bakan Eker, Alo 174 G\u0131da Hatt\u0131&#8217;n\u0131 arayarak operat\u00f6rden hat hakk\u0131nda bilgi ald\u0131.<\/p>\n<p align=\"justify\">Kampanyan\u0131n tan\u0131t\u0131m toplant\u0131s\u0131na siyaset d\u00fcnyas\u0131n\u0131n yan\u0131 s\u0131ra sanat ve spor camias\u0131n\u0131n \u00f6nde gelen isimleri de kat\u0131ld\u0131.<\/p>\n<p align=\"justify\"><em>G\u0131da G\u00fcvenli\u011fi Derne\u011fi ve &#8220;G\u00fcvenilir G\u0131da Sa\u011fl\u0131kl\u0131 Ya\u015fam Kampanyas\u0131&#8221;<\/em><\/p>\n<p align=\"justify\">T\u00fcketicinin g\u00fcvenilir g\u0131da talebinin \u00f6neminin vurgulanmas\u0131 ve alt\u0131 bakanl\u0131\u011f\u0131n g\u0131da g\u00fcvenli\u011fi ortak paydas\u0131 alt\u0131nda birle\u015fmesi bu kampanyay\u0131 \u00e7ok \u00f6zelle\u015ftiriyor.  2009 g\u0131da y\u0131l\u0131 eylem plan\u0131 kapsam\u0131nda G\u0131da G\u00fcvenli\u011fi Derne\u011fi de Tar\u0131m ve K\u00f6yi\u015fleri Bakanl\u0131\u011f\u0131 ile birlikte bir\u00e7ok projeye imza atmaya haz\u0131rlan\u0131yor.    Bu projelerin ilk etab\u0131n\u0131 Aral\u0131k 2009 da yap\u0131lacak 1.Ulusal G\u0131da G\u00fcvenli\u011fi Kongresi olu\u015fturuyor. G\u0131da g\u00fcvenli\u011fi ile do\u011frudan veya dolayl\u0131 ili\u015fkili konular\u0131n b\u00fct\u00fcnsel olarak ele al\u0131naca\u011f\u0131 bu kongrenin geleneksel hale getirilmesi hedefleniyor. Ayn\u0131 zamanda g\u0131da g\u00fcvenli\u011fi ile ilgili t\u00fcm payda\u015flar\u0131n ileti\u015fimini ve mutabakat\u0131n\u0131 da geli\u015ftirmeyi ama\u00e7layan kongreyi Besdbir, Setbir , STBP, ASD, Yumbir ile  birlikte d\u00fczenleyece\u011fiz.  GGD taraf\u0131ndan y\u00fcr\u00fct\u00fclen G\u0131da G\u00fcvenli\u011fi T\u00fcketici Hatt\u0131 ve Medya Deste\u011fi projesi, Alo 174 ve T\u00fcketici Hatt\u0131&#8217;n\u0131n H\u00fcrriyet Gazetesi ile yap\u0131lan bir dizi \u00e7al\u0131\u015fma ile tan\u0131t\u0131lmas\u0131n\u0131 hedefliyor. T\u00fcder-T\u00fcketiciler derne\u011fi ile  i\u015fbirli\u011fi halinde haz\u0131rlad\u0131\u011f\u0131m\u0131z t\u00fcketici e-e\u011fitim program\u0131, g\u0131da g\u00fcvenli\u011finin \u00e7\u0131k\u0131\u015f noktas\u0131 olan t\u00fcketicinin bilin\u00e7lendirilerek g\u00fcvenilir g\u0131day\u0131 tercih etmesinin sa\u011flanmas\u0131 i\u00e7in web \u00fczerinden t\u00fcm T\u00fcrkiye&#8217;deki t\u00fcketicilere eri\u015febilecek animasyon destekli bir e-\u00f6\u011frenim altyap\u0131s\u0131n\u0131n hayata ge\u00e7irilmesini kaps\u0131yor. Bu uygulama ayn\u0131 zamanda t\u00fcm T\u00fcrkiye&#8217;yi kapsayacak en geni\u015f t\u00fcketici e\u011fitim hareketi olacak ve Nisan ay\u0131nda t\u00fcketicilerin kullan\u0131m\u0131na a\u00e7\u0131lacak.<\/p>\n<p align=\"justify\">Ambalaj-G\u0131da G\u00fcvenli\u011fi \u00c7al\u0131\u015ftaylar\u0131 ise g\u0131da g\u00fcvenli\u011fi konusunun olmazsa olmaz\u0131 olan ambalaj konusunun hem g\u0131da \u00fcreticileri, hem de ambalaj \u00fcreticileri taraf\u0131ndan daha iyi anla\u015f\u0131lmas\u0131n\u0131n sa\u011flanmas\u0131 ve bu iki sekt\u00f6r\u00fcn birlikte hareket ederek g\u0131da g\u00fcvenli\u011fi kampanyas\u0131n\u0131n geli\u015fiminde bir sinerji yaratmas\u0131 bekleniyor.  Bu \u00e7al\u0131\u015ftaylar ise ASD i\u015fbirli\u011finde d\u00fczenlenecek.<\/p>\n<p><em>Tar\u0131m Bakanl\u0131\u011f\u0131 2009&#8217;da neler yapacak?<\/em><\/p>\n<p align=\"justify\">2009 y\u0131l\u0131nda yap\u0131lacak \u00e7al\u0131\u015fmalara da de\u011finen Tar\u0131m ve K\u00f6yi\u015fleri Bakan\u0131 Mehdi Eker, g\u0131da \u00fcretiminde tarladan sofraya, g\u0131da \u00fcretim zincirinin b\u00fct\u00fcn halkalar\u0131n\u0131n takip edilmesi gerekti\u011finin alt\u0131n\u0131 \u00e7izdi. Eker: &#8220;Bu sene sebze meyve \u00fcretiminde kullan\u0131lan kimyasal maddelerin s\u0131n\u0131rland\u0131r\u0131lmas\u0131, denetim alt\u0131na al\u0131nmas\u0131, daha iyi bir \u015fekilde kontrol edilerek uygulanmas\u0131 ile ilgili bir dizi tedbir ald\u0131k. T\u00fcrkiye&#8217;de 74 tane etken kimyasal maddenin kullan\u0131m\u0131na, uygulanmas\u0131na son verme s\u00fcrecini ba\u015flatt\u0131k. Burada b\u00fct\u00fcn\u00fcyle AB normlar\u0131n\u0131 ve standartlar\u0131n\u0131, bu alanda takip etti\u011fimizi ve uygulad\u0131\u011f\u0131m\u0131z\u0131 belirtmek istiyorum. Bug\u00fcne kadar \u00e7ift\u00e7ilerimiz kullanacaklar\u0131 herhangi bir kimyasal ilac\u0131 herhangi bir bayiden alabiliyorlard\u0131. Bu sene bu uygulamaya son veriyoruz. Kimyasal maddelerin art\u0131k re\u00e7ete ile sat\u0131lmas\u0131 uygulamas\u0131n\u0131 ba\u015flatt\u0131k. Art\u0131k herkes istedi\u011fi kimyasal maddeyi alamayacak. Mutlaka gidip bu i\u015f i\u00e7in re\u00e7ete yazd\u0131racak. Uygulamaya 1 Ocak 2009 tarihi itibariyle ba\u015flatt\u0131k&#8221; diye konu\u015ftu.<\/p>\n<p align=\"justify\">B\u00fct\u00fcn d\u00fcnyada serac\u0131l\u0131kta topraklar\u0131n dezenfeksiyonunda kullan\u0131lan ve d\u00fcnyan\u0131n en kuvvetli zehirlerinden biri olan metil b\u00fcromitin kullan\u0131m\u0131na 2008 y\u0131l\u0131 ba\u015f\u0131nda son verdiklerini de hat\u0131rlatan Eker, T\u00fcrkiye&#8217;nin 2002 y\u0131l\u0131nda 30 milyon ton ya\u015f sebze-meyve \u00fcretti\u011fini ve 55 bin ton kimyasal madde kulland\u0131\u011f\u0131n\u0131, 2008 y\u0131l\u0131nda ise ya\u015f meyve sebze \u00fcretimi 40 milyon tonun \u00fczerine \u00e7\u0131kar\u0131rken kulland\u0131\u011f\u0131 kimyasal madde miktar\u0131n\u0131 6 bin ton azald\u0131\u011f\u0131n\u0131 ifade etti.<\/p>\n<p align=\"justify\">G\u0131da g\u00fcvenli\u011finin tarladan sofraya bir zincir oldu\u011funu, bu zincirin sa\u011fl\u0131kl\u0131 olmas\u0131n\u0131 ama\u00e7lad\u0131klar\u0131n\u0131 kaydeden Eker, T\u00fcrkiye&#8217;nin d\u00fcnyadaki 12 bin civar\u0131ndaki endemik bitki t\u00fcr\u00fcn\u00fcn 3 bin 500&#8217;den fazlas\u0131na sahip oldu\u011funu, bunlar\u0131n kay\u0131t alt\u0131na al\u0131nmas\u0131, tescillenmesi, yeni \u00fcretim \u00e7al\u0131\u015fmalar\u0131n\u0131n yap\u0131lmas\u0131, yeni sentezlere ula\u015f\u0131lmas\u0131 ve Anadolu&#8217;nun zenginliklerini daha ileri boyutlara ta\u015f\u0131nmas\u0131 i\u00e7in \u00e7al\u0131\u015fmalar yapt\u0131klar\u0131n\u0131 dile getirdi.<\/p>\n<p align=\"justify\"><em>G\u00fcvenilir G\u0131da Sa\u011fl\u0131kl\u0131 Ya\u015fam Kampanyas\u0131&#8217;n\u0131n hedefleri<\/em><\/p>\n<p align=\"justify\">\u2022 &#8220;G\u00fcvenilir G\u0131da&#8221; konusunda yediden yetmi\u015fe herkese ula\u015fmay\u0131,<\/p>\n<p align=\"justify\">\u2022 G\u0131da denetim hizmetlerinin etkin bir \u015fekilde y\u00fcr\u00fct\u00fclebilmesi i\u00e7in t\u00fcketicilerin bu hizmette aktif rol almas\u0131n\u0131,<\/p>\n<p align=\"justify\">\u2022 Sa\u011fl\u0131\u011fa zararl\u0131 g\u0131da \u00fcr\u00fcnlerinin \u00f6n\u00fcne ge\u00e7erek halk\u0131n sa\u011fl\u0131n\u0131 korumay\u0131,<\/p>\n<p align=\"justify\">\u2022 Haks\u0131z rekabeti engellenmeyi,<\/p>\n<p align=\"justify\">\u2022 Kay\u0131t d\u0131\u015f\u0131 g\u0131da \u00fcretimini \u00f6nlemeyi,<\/p>\n<p align=\"justify\">\u2022 \u00d6zellikle k\u00fc\u00e7\u00fck ve orta \u00f6l\u00e7ekli g\u0131da \u00fcreticilerine ula\u015farak g\u00fcvenilir g\u0131da kriterlerine uygun \u00fcretime y\u00f6neltmeyi,<\/p>\n<p align=\"justify\">\u2022 Bakanl\u0131\u011f\u0131n g\u00fcvenli g\u0131da konusunda yetki ve \u00e7al\u0131\u015fmalar\u0131 hakk\u0131nda topluma bilgi sa\u011flamay\u0131 ama\u00e7l\u0131yor.<\/p>\n","protected":false},"excerpt":{"rendered":"<p>Tar\u0131m ve K\u00f6yi\u015fleri Bakan\u0131 Mehdi Eker, 14 \u015eubat 2009 tarihinde \u0130stanbul Ortak\u00f6y&#8217;deki Four Seasons Otel&#8217;de ba\u015flat\u0131lan &#8220;G\u00fcvenilir G\u0131da Sa\u011fl\u0131kl\u0131 Ya\u015fam Kampanyas\u0131&#8217;nda 2009&#8217;u g\u0131da y\u0131l\u0131 ilan etti ve 174 Alo G\u0131da Hatt\u0131&#8217;n\u0131 hayata ge\u00e7irdi. G\u0131da G\u00fcvenli\u011fi Derne\u011fi de 2009 g\u0131da y\u0131l\u0131 kapsam\u0131nda Bakanl\u0131k taraf\u0131ndan yap\u0131lacak bir\u00e7ok projede sorumluluk alacak. Lansmanda \u00f6ncelikle kampanyan\u0131n tan\u0131t\u0131m filmi izlendi. Kampanyan\u0131n [&hellip;]<\/p>\n","protected":false},"author":2,"featured_media":0,"comment_status":"closed","ping_status":"open","sticky":false,"template":"","format":"standard","meta":[],"categories":[4],"tags":[],"_links":{"self":[{"href":"https:\/\/ggd.org.tr\/en\/wp-json\/wp\/v2\/posts\/2632"}],"collection":[{"href":"https:\/\/ggd.org.tr\/en\/wp-json\/wp\/v2\/posts"}],"about":[{"href":"https:\/\/ggd.org.tr\/en\/wp-json\/wp\/v2\/types\/post"}],"author":[{"embeddable":true,"href":"https:\/\/ggd.org.tr\/en\/wp-json\/wp\/v2\/users\/2"}],"replies":[{"embeddable":true,"href":"https:\/\/ggd.org.tr\/en\/wp-json\/wp\/v2\/comments?post=2632"}],"version-history":[{"count":3,"href":"https:\/\/ggd.org.tr\/en\/wp-json\/wp\/v2\/posts\/2632\/revisions"}],"predecessor-version":[{"id":2634,"href":"https:\/\/ggd.org.tr\/en\/wp-json\/wp\/v2\/posts\/2632\/revisions\/2634"}],"wp:attachment":[{"href":"https:\/\/ggd.org.tr\/en\/wp-json\/wp\/v2\/media?parent=2632"}],"wp:term":[{"taxonomy":"category","embeddable":true,"href":"https:\/\/ggd.org.tr\/en\/wp-json\/wp\/v2\/categories?post=2632"},{"taxonomy":"post_tag","embeddable":true,"href":"https:\/\/ggd.org.tr\/en\/wp-json\/wp\/v2\/tags?post=2632"}],"curies":[{"name":"wp","href":"https:\/\/api.w.org\/{rel}","templated":true}]}}