{"id":2385,"date":"2021-03-06T15:40:31","date_gmt":"2021-03-06T12:40:31","guid":{"rendered":"https:\/\/ggd.org.tr\/en\/?p=2385"},"modified":"2021-07-19T12:41:19","modified_gmt":"2021-07-19T09:41:19","slug":"covid-19-tuketici-davranislari-ve-beklentileri-anketi","status":"publish","type":"post","link":"https:\/\/ggd.org.tr\/en\/covid-19-tuketici-davranislari-ve-beklentileri-anketi\/","title":{"rendered":"Covid-19 Consumer Behaviours and Expectations Survey"},"content":{"rendered":"<p><img loading=\"lazy\" class=\"alignnone wp-image-2386 size-full\" src=\"https:\/\/ggd.org.tr\/en\/wp-content\/uploads\/2021\/07\/Covid-Anketi.png\" alt=\"\" width=\"800\" height=\"500\" srcset=\"https:\/\/ggd.org.tr\/en\/wp-content\/uploads\/2021\/07\/Covid-Anketi.png 800w, https:\/\/ggd.org.tr\/en\/wp-content\/uploads\/2021\/07\/Covid-Anketi-300x188.png 300w, https:\/\/ggd.org.tr\/en\/wp-content\/uploads\/2021\/07\/Covid-Anketi-768x480.png 768w, https:\/\/ggd.org.tr\/en\/wp-content\/uploads\/2021\/07\/Covid-Anketi-705x441.png 705w\" sizes=\"(max-width: 800px) 100vw, 800px\" \/><\/p>\n<p>&nbsp;<\/p>\n<p>Covid-19 T\u00fcketici Davran\u0131\u015flar\u0131 ve Beklentileri Anketimiz i\u00e7in g\u00f6r\u00fc\u015flerine ihtiyac\u0131m\u0131z var, sen de ankete kat\u0131l! Ankete linkten ula\u015fabilirsiniz.<\/p>\n<p><a href=\"https:\/\/tr.surveymonkey.com\/r\/D69QGPP?fbclid=IwAR0o_kJa68I1NN4D5YLyl6UZdyXul3R54g48ti_5WdA-ooT9HtrYGcuMItg\">https:\/\/tr.surveymonkey.com\/r\/D69QGPP<\/a><\/p>\n<p>*Bu anket G\u0131da G\u00fcvenli\u011fi Derne\u011fi taraf\u0131ndan yap\u0131lmakta olup, 18 ya\u015f \u00fcst\u00fc yeti\u015fkinlerin g\u00f6r\u00fc\u015flerini almak \u00fczere tasarlanm\u0131\u015ft\u0131r. Anket 7 sorudan olu\u015fmaktad\u0131r.<\/p>\n<p>&nbsp;<\/p>\n","protected":false},"excerpt":{"rendered":"<p>&nbsp; Covid-19 T\u00fcketici Davran\u0131\u015flar\u0131 ve Beklentileri Anketimiz i\u00e7in g\u00f6r\u00fc\u015flerine ihtiyac\u0131m\u0131z var, sen de ankete kat\u0131l! Ankete linkten ula\u015fabilirsiniz. https:\/\/tr.surveymonkey.com\/r\/D69QGPP *Bu anket G\u0131da G\u00fcvenli\u011fi Derne\u011fi taraf\u0131ndan yap\u0131lmakta olup, 18 ya\u015f \u00fcst\u00fc yeti\u015fkinlerin g\u00f6r\u00fc\u015flerini almak \u00fczere tasarlanm\u0131\u015ft\u0131r. Anket 7 sorudan olu\u015fmaktad\u0131r. &nbsp;<\/p>\n","protected":false},"author":2,"featured_media":2386,"comment_status":"closed","ping_status":"open","sticky":false,"template":"","format":"standard","meta":[],"categories":[4],"tags":[],"_links":{"self":[{"href":"https:\/\/ggd.org.tr\/en\/wp-json\/wp\/v2\/posts\/2385"}],"collection":[{"href":"https:\/\/ggd.org.tr\/en\/wp-json\/wp\/v2\/posts"}],"about":[{"href":"https:\/\/ggd.org.tr\/en\/wp-json\/wp\/v2\/types\/post"}],"author":[{"embeddable":true,"href":"https:\/\/ggd.org.tr\/en\/wp-json\/wp\/v2\/users\/2"}],"replies":[{"embeddable":true,"href":"https:\/\/ggd.org.tr\/en\/wp-json\/wp\/v2\/comments?post=2385"}],"version-history":[{"count":3,"href":"https:\/\/ggd.org.tr\/en\/wp-json\/wp\/v2\/posts\/2385\/revisions"}],"predecessor-version":[{"id":3243,"href":"https:\/\/ggd.org.tr\/en\/wp-json\/wp\/v2\/posts\/2385\/revisions\/3243"}],"wp:featuredmedia":[{"embeddable":true,"href":"https:\/\/ggd.org.tr\/en\/wp-json\/wp\/v2\/media\/2386"}],"wp:attachment":[{"href":"https:\/\/ggd.org.tr\/en\/wp-json\/wp\/v2\/media?parent=2385"}],"wp:term":[{"taxonomy":"category","embeddable":true,"href":"https:\/\/ggd.org.tr\/en\/wp-json\/wp\/v2\/categories?post=2385"},{"taxonomy":"post_tag","embeddable":true,"href":"https:\/\/ggd.org.tr\/en\/wp-json\/wp\/v2\/tags?post=2385"}],"curies":[{"name":"wp","href":"https:\/\/api.w.org\/{rel}","templated":true}]}}