{"id":1822,"date":"2022-03-22T17:00:52","date_gmt":"2022-03-22T14:00:52","guid":{"rendered":"https:\/\/ggd.org.tr\/en\/?p=1822"},"modified":"2022-03-22T17:55:57","modified_gmt":"2022-03-22T14:55:57","slug":"meat-fish-chicken","status":"publish","type":"post","link":"https:\/\/ggd.org.tr\/en\/meat-fish-chicken\/","title":{"rendered":"Meat, Fish, Chicken"},"content":{"rendered":"<div   class=\"togglecontainer  av-minimal-toggle toggle_close_all  hasCurrentStyle avia-builder-el-0  avia-builder-el-no-sibling \" data-currentstyle='color:#000000; border-color:#000000; background-color:#ef4d28; '>\n<section class=\"av_toggle_section\"  itemscope=\"itemscope\" itemtype=\"https:\/\/schema.org\/BlogPosting\" itemprop=\"blogPost\"  >    <div role=\"tablist\" class=\"single_toggle\" data-tags=\"{All} \"  >        <p data-fake-id=\"#toggle-id-1\" class=\"toggler \"  itemprop=\"headline\"   data-hoverstyle='color: #000000; ' role=\"tab\" tabindex=\"0\" aria-controls=\"toggle-id-1\">Bal\u0131\u011f\u0131n taze olup olmad\u0131\u011f\u0131n\u0131 nas\u0131l anlar\u0131z?<span class=\"toggle_icon\" >        <span class=\"vert_icon\"><\/span><span class=\"hor_icon\"><\/span><\/span><\/p>        <div id=\"toggle-id-1\" class=\"toggle_wrap \"   >            <div class=\"toggle_content invers-color \"  itemprop=\"text\"   ><ul>\n<li>Taze bal\u0131\u011f\u0131n g\u00f6zleri berrak ve dolu olur.<\/li>\n<li>Eti sert ve d\u0131\u015f\u0131 parlakt\u0131r.<\/li>\n<li>Pullar\u0131 sa\u011flam ve d\u00f6k\u00fclmemi\u015ftir<\/li>\n<li>Bast\u0131r\u0131ld\u0131\u011f\u0131nda y\u00fczeyinde \u00e7\u00f6kme meydana gelmez.<\/li>\n<li>Solunga\u00e7lar\u0131 parlak ve k\u0131rm\u0131z\u0131 olur. Renk kahverengi ve koyu olmamal\u0131d\u0131r.<\/li>\n<\/ul>\n            <\/div>        <\/div>    <\/div><\/section>\n<section class=\"av_toggle_section\"  itemscope=\"itemscope\" itemtype=\"https:\/\/schema.org\/BlogPosting\" itemprop=\"blogPost\"  >    <div role=\"tablist\" class=\"single_toggle\" data-tags=\"{All} \"  >        <p data-fake-id=\"#toggle-id-2\" class=\"toggler \"  itemprop=\"headline\"   data-hoverstyle='color: #000000; ' role=\"tab\" tabindex=\"0\" aria-controls=\"toggle-id-2\">Bal\u0131k etinden yap\u0131lan k\u00f6fte ve kroketler sa\u011fl\u0131\u011fa zararl\u0131 m\u0131d\u0131r?<span class=\"toggle_icon\" >        <span class=\"vert_icon\"><\/span><span class=\"hor_icon\"><\/span><\/span><\/p>        <div id=\"toggle-id-2\" class=\"toggle_wrap \"   >            <div class=\"toggle_content invers-color \"  itemprop=\"text\"   ><p>G\u0131da g\u00fcvenli\u011fi kurallar\u0131na uyularak \u00fcretilen ve yine bu kurallar dahilinde t\u00fcketiciye ula\u015ft\u0131r\u0131lan her t\u00fcrl\u00fc bal\u0131k \u00fcr\u00fcn\u00fc g\u00fcvenlidir. \u00dcr\u00fcn\u00fcn ambalajl\u0131 ve etiketli olmas\u0131 ve i\u015fletme onay numaras\u0131n\u0131n bulunmas\u0131, \u00fcr\u00fcn\u00fcn denetim alt\u0131nda oldu\u011funun ve izlenebilirli\u011finin m\u00fcmk\u00fcn oldu\u011funun g\u00f6stergesidir.<\/p>\n            <\/div>        <\/div>    <\/div><\/section>\n<section class=\"av_toggle_section\"  itemscope=\"itemscope\" itemtype=\"https:\/\/schema.org\/BlogPosting\" itemprop=\"blogPost\"  >    <div role=\"tablist\" class=\"single_toggle\" data-tags=\"{All} \"  >        <p data-fake-id=\"#toggle-id-3\" class=\"toggler \"  itemprop=\"headline\"   data-hoverstyle='color: #000000; ' role=\"tab\" tabindex=\"0\" aria-controls=\"toggle-id-3\">Bal\u0131k, yo\u011furt ile birlikte yenebilir mi?<span class=\"toggle_icon\" >        <span class=\"vert_icon\"><\/span><span class=\"hor_icon\"><\/span><\/span><\/p>        <div id=\"toggle-id-3\" class=\"toggle_wrap \"   >            <div class=\"toggle_content invers-color \"  itemprop=\"text\"   ><p>Taze oldu\u011fu s\u00fcrece bal\u0131k ile yo\u011furt birlikte t\u00fcketilebilir.<\/p>\n            <\/div>        <\/div>    <\/div><\/section>\n<section class=\"av_toggle_section\"  itemscope=\"itemscope\" itemtype=\"https:\/\/schema.org\/BlogPosting\" itemprop=\"blogPost\"  >    <div role=\"tablist\" class=\"single_toggle\" data-tags=\"{All} \"  >        <p data-fake-id=\"#toggle-id-4\" class=\"toggler \"  itemprop=\"headline\"   data-hoverstyle='color: #000000; ' role=\"tab\" tabindex=\"0\" aria-controls=\"toggle-id-4\">\u00c7i\u011f et y\u0131kan\u0131r m\u0131?<span class=\"toggle_icon\" >        <span class=\"vert_icon\"><\/span><span class=\"hor_icon\"><\/span><\/span><\/p>        <div id=\"toggle-id-4\" class=\"toggle_wrap \"   >            <div class=\"toggle_content invers-color \"  itemprop=\"text\"   ><p>\u00c7i\u011f et mecbur kalmad\u0131k\u00e7a (\u00fczerinde sap, saman vb yabanc\u0131 madde bulunmad\u0131k\u00e7a) y\u0131kanmamal\u0131d\u0131r. Y\u0131kama i\u015flemi, etin rengini, kendine has tat ve kokusu ve\u00a0 muhafaza s\u00fcresini olumsuz y\u00f6nde etkileyebilir; ilave bir hijyen sa\u011flamad\u0131\u011f\u0131 gibi s\u0131\u00e7ramalar nedeniyle ortamda bula\u015fmaya neden olabilir.<\/p>\n            <\/div>        <\/div>    <\/div><\/section>\n<section class=\"av_toggle_section\"  itemscope=\"itemscope\" itemtype=\"https:\/\/schema.org\/BlogPosting\" itemprop=\"blogPost\"  >    <div role=\"tablist\" class=\"single_toggle\" data-tags=\"{All} \"  >        <p data-fake-id=\"#toggle-id-5\" class=\"toggler \"  itemprop=\"headline\"   data-hoverstyle='color: #000000; ' role=\"tab\" tabindex=\"0\" aria-controls=\"toggle-id-5\">\u00c7i\u011f k\u00f6ftenin ac\u0131s\u0131 etteki mikroorganizmalar\u0131 etkisiz hale getirir mi?<span class=\"toggle_icon\" >        <span class=\"vert_icon\"><\/span><span class=\"hor_icon\"><\/span><\/span><\/p>        <div id=\"toggle-id-5\" class=\"toggle_wrap \"   >            <div class=\"toggle_content invers-color \"  itemprop=\"text\"   ><p>Hay\u0131r, getirmez.<\/p>\n<ul>\n<li>San\u0131ld\u0131\u011f\u0131n\u0131n aksine k\u0131rm\u0131z\u0131 biber gibi baharat\u0131n mikroplar ve parazitlere etkisi son derece s\u0131n\u0131rl\u0131d\u0131r.<\/li>\n<li>\u00c7i\u011f k\u00f6fte geleneksel bir \u00fcr\u00fcn\u00fcm\u00fcz olmakla beraber, mikrobiyel a\u00e7\u0131dan riskli bir \u00fcr\u00fcnd\u00fcr.<\/li>\n<li>\u00c7i\u011f etin kendinden kaynaklanan risklerin yan\u0131 s\u0131ra, \u00a0\u00fcr\u00fcnler elle yo\u011fruldu\u011fu i\u00e7in ki\u015fisel hijyen her zamankinden daha b\u00fcy\u00fck \u00f6nem ta\u015f\u0131r.<\/li>\n<\/ul>\n            <\/div>        <\/div>    <\/div><\/section>\n<section class=\"av_toggle_section\"  itemscope=\"itemscope\" itemtype=\"https:\/\/schema.org\/BlogPosting\" itemprop=\"blogPost\"  >    <div role=\"tablist\" class=\"single_toggle\" data-tags=\"{All} \"  >        <p data-fake-id=\"#toggle-id-6\" class=\"toggler \"  itemprop=\"headline\"   data-hoverstyle='color: #000000; ' role=\"tab\" tabindex=\"0\" aria-controls=\"toggle-id-6\">S\u0131k kanatl\u0131 etleri yemek erken ergenli\u011fe sebep olur mu?<span class=\"toggle_icon\" >        <span class=\"vert_icon\"><\/span><span class=\"hor_icon\"><\/span><\/span><\/p>        <div id=\"toggle-id-6\" class=\"toggle_wrap \"   >            <div class=\"toggle_content invers-color \"  itemprop=\"text\"   ><p>Hay\u0131r olmaz. B\u00f6ylesi bir etkiye ili\u015fkin herhangi bir ara\u015ft\u0131rma ya da \u00e7al\u0131\u015fma mevcut de\u011fildir. Ayr\u0131ca AB\u2019de oldu\u011fu gibi, \u00fclkemizde de kanatl\u0131 \u00fcretiminde hormon kullan\u0131m\u0131 yasakt\u0131r.<\/p>\n            <\/div>        <\/div>    <\/div><\/section>\n<section class=\"av_toggle_section\"  itemscope=\"itemscope\" itemtype=\"https:\/\/schema.org\/BlogPosting\" itemprop=\"blogPost\"  >    <div role=\"tablist\" class=\"single_toggle\" data-tags=\"{All} \"  >        <p data-fake-id=\"#toggle-id-7\" class=\"toggler \"  itemprop=\"headline\"   data-hoverstyle='color: #000000; ' role=\"tab\" tabindex=\"0\" aria-controls=\"toggle-id-7\">Et t\u00fcrlerinin sular\u0131 buzdolab\u0131nda birbirine kar\u0131\u015f\u0131rsa ne olur?<span class=\"toggle_icon\" >        <span class=\"vert_icon\"><\/span><span class=\"hor_icon\"><\/span><\/span><\/p>        <div id=\"toggle-id-7\" class=\"toggle_wrap \"   >            <div class=\"toggle_content invers-color \"  itemprop=\"text\"   ><ul>\n<li>\u00dcr\u00fcn gruplar\u0131ndaki bask\u0131n mikroorganizma t\u00fcrleri ve y\u00fckleri farkl\u0131 oldu\u011fu i\u00e7in birbirine bula\u015fmas\u0131 etlerin daha \u00e7abuk bozulmas\u0131na ve iyi pi\u015firilmemesi durumunda g\u0131da zehirlenmesine neden olabilir. Etlerin sular\u0131n\u0131n birbirine kar\u0131\u015fmamas\u0131 i\u00e7in farkl\u0131 \u00fcr\u00fcnler \u00fcst \u00fcste veya yan yana konulmamal\u0131; iyice sararak paketleme\/tabak i\u00e7erisinde rafa yerle\u015ftirme gibi \u00f6nlemler al\u0131nmal\u0131d\u0131r.<\/li>\n<li>Kanatl\u0131 etleri ile su \u00fcr\u00fcnleri daha kolay bozularak risk olu\u015ftururlar bu nedenle uzun s\u00fcre buzdolab\u0131nda muhafaza edilmemeli, uzun s\u00fcre depolama gerekiyorsa dondurulmal\u0131d\u0131rlar.<\/li>\n<\/ul>\n            <\/div>        <\/div>    <\/div><\/section>\n<section class=\"av_toggle_section\"  itemscope=\"itemscope\" itemtype=\"https:\/\/schema.org\/BlogPosting\" itemprop=\"blogPost\"  >    <div role=\"tablist\" class=\"single_toggle\" data-tags=\"{All} \"  >        <p data-fake-id=\"#toggle-id-8\" class=\"toggler \"  itemprop=\"headline\"   data-hoverstyle='color: #000000; ' role=\"tab\" tabindex=\"0\" aria-controls=\"toggle-id-8\">K\u0131rm\u0131z\u0131 et ve et \u00fcr\u00fcnleri derin dondurucu d\u0131\u015f\u0131nda, buzdolab\u0131nda ne kadar s\u00fcre saklanabilir?<span class=\"toggle_icon\" >        <span class=\"vert_icon\"><\/span><span class=\"hor_icon\"><\/span><\/span><\/p>        <div id=\"toggle-id-8\" class=\"toggle_wrap \"   >            <div class=\"toggle_content invers-color \"  itemprop=\"text\"   ><p>K\u0131rm\u0131z\u0131 taze etlerden elde edilen k\u0131yma, k\u00fc\u00e7\u00fck par\u00e7a etler ve kemikli etlerin raf \u00f6mr\u00fc \u00fcretildi\u011fi ortam\u0131n hijyenik ko\u015fullar\u0131na ba\u011fl\u0131d\u0131r.<\/p>\n<ul>\n<li>Taze etlerden k\u0131yma ve k\u00fc\u00e7\u00fck par\u00e7a etler buzdolab\u0131nda 1 g\u00fcn, yine taze etlerden b\u00fcy\u00fck par\u00e7a etler ise 2-4 g\u00fcn saklanabilir.<\/li>\n<li>Pi\u015fmi\u015f etler buzdolab\u0131nda tutularak 2-4 g\u00fcn i\u00e7inde t\u00fcketilmeli ve t\u00fcketilmeden \u00f6nce iyice \u0131s\u0131t\u0131lmal\u0131d\u0131r.<\/li>\n<li>Salam, sosis vb. \u00fcr\u00fcnler ise etiketlerinde yer alan son t\u00fcketim tarihi ge\u00e7irilmeden t\u00fcketilmelidir. Bu tarihin ambalaj b\u00fct\u00fcnl\u00fc\u011f\u00fc bozulmad\u0131\u011f\u0131 ve etiket \u00fczerinde yer alan saklama ko\u015fullar\u0131na uyulmas\u0131 halinde ge\u00e7erli oldu\u011fu unutulmamal\u0131d\u0131r.<\/li>\n<\/ul>\n            <\/div>        <\/div>    <\/div><\/section>\n<section class=\"av_toggle_section\"  itemscope=\"itemscope\" itemtype=\"https:\/\/schema.org\/BlogPosting\" itemprop=\"blogPost\"  >    <div role=\"tablist\" class=\"single_toggle\" data-tags=\"{All} \"  >        <p data-fake-id=\"#toggle-id-9\" class=\"toggler \"  itemprop=\"headline\"   data-hoverstyle='color: #000000; ' role=\"tab\" tabindex=\"0\" aria-controls=\"toggle-id-9\">Kanatl\u0131 et ve et \u00fcr\u00fcnleri buzdolab\u0131nda ne kadar s\u00fcre saklanabilir? <span class=\"toggle_icon\" >        <span class=\"vert_icon\"><\/span><span class=\"hor_icon\"><\/span><\/span><\/p>        <div id=\"toggle-id-9\" class=\"toggle_wrap \"   >            <div class=\"toggle_content invers-color \"  itemprop=\"text\"   ><p>Kanatl\u0131 et ve et \u00fcr\u00fcnlerinin sat\u0131\u015f\u0131n\u0131n ambalajl\u0131 olarak yap\u0131lmas\u0131 zorunlu oldu\u011fundan, \u00fcr\u00fcnlerin son t\u00fcketim tarihleri etiketleri \u00fczerinde yer almaktad\u0131r.\u00a0 Ambalaj b\u00fct\u00fcnl\u00fc\u011f\u00fc bozulmad\u0131\u011f\u0131 s\u00fcrece, etikette verilen ko\u015fullara ve s\u00fcrelere uyulmas\u0131 uygundur.<\/p>\n            <\/div>        <\/div>    <\/div><\/section>\n<section class=\"av_toggle_section\"  itemscope=\"itemscope\" itemtype=\"https:\/\/schema.org\/BlogPosting\" itemprop=\"blogPost\"  >    <div role=\"tablist\" class=\"single_toggle\" data-tags=\"{All} \"  >        <p data-fake-id=\"#toggle-id-10\" class=\"toggler \"  itemprop=\"headline\"   data-hoverstyle='color: #000000; ' role=\"tab\" tabindex=\"0\" aria-controls=\"toggle-id-10\">Et ve et \u00fcr\u00fcnleri \u00fczerinde hasar oldu\u011funda t\u00fcketilmeli midir?<span class=\"toggle_icon\" >        <span class=\"vert_icon\"><\/span><span class=\"hor_icon\"><\/span><\/span><\/p>        <div id=\"toggle-id-10\" class=\"toggle_wrap \"   >            <div class=\"toggle_content invers-color \"  itemprop=\"text\"   ><p>Et \u00fcr\u00fcnleri de d\u00e2hil olmak \u00fczere; \u00fczerinde al\u0131\u015f\u0131ld\u0131ktan farkl\u0131 leke, bere ve \u00f6rselenmeler olan g\u0131dalarda \u00fcretim, da\u011f\u0131t\u0131m veya depolama ko\u015fullar\u0131ndan kaynaklanan bir sorun oldu\u011fu d\u00fc\u015f\u00fcn\u00fcl\u00fcr. Bu t\u00fcr g\u0131dalar sat\u0131n al\u0131nmamal\u0131, t\u00fcketilmemelidir. Et ve et \u00fcr\u00fcnlerinde g\u00f6r\u00fclen hasarlar etin veya \u00fcr\u00fcn\u00fcn kendinde g\u00f6r\u00fclebilece\u011fi gibi, ambalajl\u0131 olarak sat\u0131lan \u00fcr\u00fcnlerde, ambalaj\u0131n \u00fcst\u00fcnde de olabilir, her ikisinde de \u00fcr\u00fcn sat\u0131n al\u0131nmamal\u0131 ve t\u00fcketilmemelidir.<\/p>\n            <\/div>        <\/div>    <\/div><\/section>\n<section class=\"av_toggle_section\"  itemscope=\"itemscope\" itemtype=\"https:\/\/schema.org\/BlogPosting\" itemprop=\"blogPost\"  >    <div role=\"tablist\" class=\"single_toggle\" data-tags=\"{All} \"  >        <p data-fake-id=\"#toggle-id-11\" class=\"toggler \"  itemprop=\"headline\"   data-hoverstyle='color: #000000; ' role=\"tab\" tabindex=\"0\" aria-controls=\"toggle-id-11\">Et, bal\u0131k ve kanatl\u0131 \u00fcr\u00fcnleri raf \u00f6mr\u00fc boyunca nas\u0131l saklanmal\u0131d\u0131r?<span class=\"toggle_icon\" >        <span class=\"vert_icon\"><\/span><span class=\"hor_icon\"><\/span><\/span><\/p>        <div id=\"toggle-id-11\" class=\"toggle_wrap \"   >            <div class=\"toggle_content invers-color \"  itemprop=\"text\"   ><ul>\n<li>Etiket bilgileri dikkate al\u0131narak muhafaza edilmelidir.<\/li>\n<li>Miktar\u0131 \u00e7ok olan ve raf \u00f6mr\u00fc dolmadan t\u00fcketilemeyece\u011fi d\u00fc\u015f\u00fcn\u00fclen \u00fcr\u00fcnler sat\u0131n alman\u0131n ard\u0131ndan porsiyonlanarak derin dondurucuda saklanmal\u0131d\u0131r.<\/li>\n<\/ul>\n            <\/div>        <\/div>    <\/div><\/section>\n<section class=\"av_toggle_section\"  itemscope=\"itemscope\" itemtype=\"https:\/\/schema.org\/BlogPosting\" itemprop=\"blogPost\"  >    <div role=\"tablist\" class=\"single_toggle\" data-tags=\"{All} \"  >        <p data-fake-id=\"#toggle-id-12\" class=\"toggler \"  itemprop=\"headline\"   data-hoverstyle='color: #000000; ' role=\"tab\" tabindex=\"0\" aria-controls=\"toggle-id-12\">Et, bal\u0131k ve kanatl\u0131 \u00fcr\u00fcnlerinin pi\u015firilmesi ve haz\u0131rlanmas\u0131 s\u0131ras\u0131nda nelere dikkat edilmelidir?<span class=\"toggle_icon\" >        <span class=\"vert_icon\"><\/span><span class=\"hor_icon\"><\/span><\/span><\/p>        <div id=\"toggle-id-12\" class=\"toggle_wrap \"   >            <div class=\"toggle_content invers-color \"  itemprop=\"text\"   ><ul>\n<li>Eller s\u0131k s\u0131k y\u0131kanmal\u0131d\u0131r.<\/li>\n<li>Ba\u015fta kesme tahtas\u0131 olmak \u00fczere, \u00fcr\u00fcnlerin haz\u0131rlanmas\u0131nda kullan\u0131lan b\u0131\u00e7ak, ma\u015fa vb. iyice y\u0131kan\u0131p temizlenmeden di\u011fer g\u0131dalar\u0131n haz\u0131rlanmas\u0131nda kullan\u0131lmamal\u0131d\u0131r.<\/li>\n<li>\u00c7i\u011f ve pi\u015fmi\u015f \u00fcr\u00fcnlerle temas eden kaplar, ma\u015falar vb. ayr\u0131 olmal\u0131d\u0131r. Haz\u0131rlama s\u0131ras\u0131nda uzun s\u00fcre oda s\u0131cakl\u0131\u011f\u0131nda bekletmekten ka\u00e7\u0131n\u0131lmal\u0131; haz\u0131rl\u0131k bitti\u011finde \u00fcr\u00fcnler derhal pi\u015firilmeli veya buzdolab\u0131na kald\u0131r\u0131lmal\u0131d\u0131r.<\/li>\n<\/ul>\n            <\/div>        <\/div>    <\/div><\/section>\n<section class=\"av_toggle_section\"  itemscope=\"itemscope\" itemtype=\"https:\/\/schema.org\/BlogPosting\" itemprop=\"blogPost\"  >    <div role=\"tablist\" class=\"single_toggle\" data-tags=\"{All} \"  >        <p data-fake-id=\"#toggle-id-13\" class=\"toggler \"  itemprop=\"headline\"   data-hoverstyle='color: #000000; ' role=\"tab\" tabindex=\"0\" aria-controls=\"toggle-id-13\">Et, kanatl\u0131 ve bal\u0131k \u00fcr\u00fcnlerinde kullan\u0131lan katk\u0131 maddeleri sa\u011fl\u0131\u011fa zararl\u0131 m\u0131d\u0131r?<span class=\"toggle_icon\" >        <span class=\"vert_icon\"><\/span><span class=\"hor_icon\"><\/span><\/span><\/p>        <div id=\"toggle-id-13\" class=\"toggle_wrap \"   >            <div class=\"toggle_content invers-color \"  itemprop=\"text\"   ><p>Hay\u0131r de\u011fildir. Web sayfam\u0131zda, <a href=\"https:\/\/ggd.org.tr\/gida-katki-maddeleri\/\">g\u0131da katk\u0131 maddeleri<\/a> ile ilgili k\u0131s\u0131mda ayr\u0131nt\u0131l\u0131 bi\u00e7imde yaz\u0131ld\u0131\u011f\u0131 gibi,<\/p>\n<ul>\n<li>G\u0131da katk\u0131 maddeleri teknolojik gereklilik nedeniyle kullan\u0131l\u0131r. Her bir \u00fcr\u00fcnde hangi katk\u0131 maddesinin, hangi miktar ve ko\u015fullarda kullan\u0131laca\u011f\u0131 yasa ve y\u00f6netmeliklerle belirlenmi\u015ftir. Bu kurallara uyularak kullan\u0131lan g\u0131da katk\u0131 maddeleri sa\u011fl\u0131k a\u00e7\u0131s\u0131ndan risk olu\u015fturmazlar.<\/li>\n<li>Onayl\u0131 i\u015fletmelerde; \u00a0ambalajl\u0131 ve etiketli bir bi\u00e7imde \u00fcretilen et, kanatl\u0131 ve bal\u0131k \u00fcr\u00fcnlerinin denetimi ve izlenebilirli\u011fi oldu\u011fundan; bu \u00fcr\u00fcnlerde g\u0131da katk\u0131 maddelerinin kural\u0131na uygun olarak kullan\u0131lm\u0131\u015f olmas\u0131 beklenir.<\/li>\n<\/ul>\n            <\/div>        <\/div>    <\/div><\/section>\n<section class=\"av_toggle_section\"  itemscope=\"itemscope\" itemtype=\"https:\/\/schema.org\/BlogPosting\" itemprop=\"blogPost\"  >    <div role=\"tablist\" class=\"single_toggle\" data-tags=\"{All} \"  >        <p data-fake-id=\"#toggle-id-14\" class=\"toggler \"  itemprop=\"headline\"   data-hoverstyle='color: #000000; ' role=\"tab\" tabindex=\"0\" aria-controls=\"toggle-id-14\">Et hayvanlar\u0131n\u0131n h\u0131zl\u0131 b\u00fcy\u00fcmesi i\u00e7in geneti\u011fi ile oynan\u0131yor mu?<span class=\"toggle_icon\" >        <span class=\"vert_icon\"><\/span><span class=\"hor_icon\"><\/span><\/span><\/p>        <div id=\"toggle-id-14\" class=\"toggle_wrap \"   >            <div class=\"toggle_content invers-color \"  itemprop=\"text\"   ><p>Hay\u0131r. B\u00f6yle bir uygulama\u00a0 d\u00fcnyada da yoktur. Hibrid olarak et\u00e7i \u0131rk yeti\u015ftiren d\u00fcnya \u00e7ap\u0131nda\u00a0 dam\u0131zl\u0131k firmalar\u0131 taraf\u0131ndan, uzun y\u0131llard\u0131r y\u00fcr\u00fct\u00fclen \u0131slah \u00e7al\u0131\u015fmalar\u0131 ile en verimli \u0131rklar yeti\u015ftirilmi\u015ftir. Hayvanlar\u0131n h\u0131zl\u0131 b\u00fcy\u00fcmesi, bu ama\u00e7la geli\u015ftirilen hibrid et\u00e7i \u0131rklar olmas\u0131 ve entegre \u00fcretim tesislerindeki itinal\u0131, d\u00fczenli bak\u0131m ve eksiksiz ve besin de\u011feri y\u00fcksek yemler ile beslenmesi nedeniyledir.<\/p>\n            <\/div>        <\/div>    <\/div><\/section>\n<section class=\"av_toggle_section\"  itemscope=\"itemscope\" itemtype=\"https:\/\/schema.org\/BlogPosting\" itemprop=\"blogPost\"  >    <div role=\"tablist\" class=\"single_toggle\" data-tags=\"{All} \"  >        <p data-fake-id=\"#toggle-id-15\" class=\"toggler \"  itemprop=\"headline\"   data-hoverstyle='color: #000000; ' role=\"tab\" tabindex=\"0\" aria-controls=\"toggle-id-15\">Kanatl\u0131 eti \u00fcretimi s\u0131ras\u0131nda antibiyotik kullan\u0131lmakta m\u0131d\u0131r?<span class=\"toggle_icon\" >        <span class=\"vert_icon\"><\/span><span class=\"hor_icon\"><\/span><\/span><\/p>        <div id=\"toggle-id-15\" class=\"toggle_wrap \"   >            <div class=\"toggle_content invers-color \"  itemprop=\"text\"   ><p>T\u00fcrkiye&#8217;de AB mevzuat\u0131n\u0131n canl\u0131 hayvanlarda kullan\u0131m\u0131na izin verilen antibiyotikler, sadece tedavi amac\u0131yla, hastalanan hayvanlarda \u00a0veteriner hekim re\u00e7etesi ile kullan\u0131labilirler. \u00a0\u0130la\u00e7lar\u0131n v\u00fccuttan at\u0131lma s\u00fcreleri takip edilerek kesimden ortalama 7 g\u00fcn \u00f6ncesinden ila\u00e7lar\u0131n kullan\u0131m\u0131na son verilir. V\u00fccuttan at\u0131lma s\u00fcresine uyulup, uyulmad\u0131\u011f\u0131 i\u015fletmelerdeki Resmi Veteriner Hekimler taraf\u0131ndan takip edilir.<\/p>\n<p>\u00dcreticilerin antibiyotik kal\u0131nt\u0131 testlerini d\u00fczenli olarak yapmalar\u0131 gerekir. Tar\u0131m ve Orman Bakanl\u0131\u011f\u0131 ise resmi denetimler ve kal\u0131nt\u0131 izleme programlar\u0131 ile d\u00fczenli antibiyotikleri takip eder.<\/p>\n            <\/div>        <\/div>    <\/div><\/section>\n<section class=\"av_toggle_section\"  itemscope=\"itemscope\" itemtype=\"https:\/\/schema.org\/BlogPosting\" itemprop=\"blogPost\"  >    <div role=\"tablist\" class=\"single_toggle\" data-tags=\"{All} \"  >        <p data-fake-id=\"#toggle-id-16\" class=\"toggler \"  itemprop=\"headline\"   data-hoverstyle='color: #000000; ' role=\"tab\" tabindex=\"0\" aria-controls=\"toggle-id-16\">Et t\u00fcrlerinde hangi t\u00fcr kesme tahtalar\u0131 kullan\u0131lmal\u0131d\u0131r?<span class=\"toggle_icon\" >        <span class=\"vert_icon\"><\/span><span class=\"hor_icon\"><\/span><\/span><\/p>        <div id=\"toggle-id-16\" class=\"toggle_wrap \"   >            <div class=\"toggle_content invers-color \"  itemprop=\"text\"   ><p>Et, bal\u0131k ve kanatl\u0131 \u00fcr\u00fcnleri i\u00e7in tahta malzeme yerine d\u00fcz, temasa uygun plastik, porselen y\u00fczeyli kesme materyalleri tercih edilmeli ve kulland\u0131ktan sonra mutlaka uygun deterjan ve s\u0131cak suyla temizlenmelidir. \u0130htiya\u00e7 oldu\u011fu d\u00fc\u015f\u00fcn\u00fcld\u00fc\u011f\u00fcnde bu temizleme i\u015flemini ard\u0131ndan \u00e7ama\u015f\u0131r suyu ile de temizleme yap\u0131labilir ancak her i\u015flemin ard\u0131ndan iyi bir durulama yap\u0131lmal\u0131d\u0131r. Farkl\u0131 et t\u00fcrlerine m\u00fcmk\u00fcnse farkl\u0131 kesme tahtalar\u0131; de\u011filse de ayn\u0131 tahtan\u0131n farkl\u0131 y\u00fczleri kullan\u0131lmal\u0131d\u0131r. Y\u00fczeyleri a\u015f\u0131nm\u0131\u015f malzemeler kullan\u0131lmamal\u0131d\u0131r.<\/p>\n            <\/div>        <\/div>    <\/div><\/section>\n<section class=\"av_toggle_section\"  itemscope=\"itemscope\" itemtype=\"https:\/\/schema.org\/BlogPosting\" itemprop=\"blogPost\"  >    <div role=\"tablist\" class=\"single_toggle\" data-tags=\"{All} \"  >        <p data-fake-id=\"#toggle-id-17\" class=\"toggler \"  itemprop=\"headline\"   data-hoverstyle='color: #000000; ' role=\"tab\" tabindex=\"0\" aria-controls=\"toggle-id-17\">Ku\u015f gribine kar\u015f\u0131 t\u00fcketiciler ne t\u00fcr \u00f6nlemler almal\u0131d\u0131r?<span class=\"toggle_icon\" >        <span class=\"vert_icon\"><\/span><span class=\"hor_icon\"><\/span><\/span><\/p>        <div id=\"toggle-id-17\" class=\"toggle_wrap \"   >            <div class=\"toggle_content invers-color \"  itemprop=\"text\"   ><ul>\n<li>Kanatl\u0131 etinin ambalajl\u0131 ve Tar\u0131m ve Orman Bakanl\u0131\u011f\u0131 taraf\u0131ndan onay numaras\u0131 verilmi\u015f\u00a0i\u015fletmeler taraf\u0131ndan \u00fcretilmi\u015f olmas\u0131na dikkat edilmelidir.<\/li>\n<li>Ku\u015f gribi kanatl\u0131lardan bula\u015ft\u0131\u011f\u0131 i\u00e7in, a\u00e7\u0131kta yeti\u015ftirilen k\u00fcmes hayvanlar\u0131 daha risklidir. K\u00f6y tavu\u011fu, organik vb. iddialar\u0131n cazibesine kap\u0131l\u0131p kay\u0131td\u0131\u015f\u0131 et al\u0131nmamal\u0131d\u0131r.<\/li>\n<li>Ku\u015f gribi g\u0131dalarla t\u00fcketicilere bula\u015fma riski olan bir hayvan hastal\u0131\u011f\u0131 de\u011fildir.\u00a0 Bula\u015f\u0131 temasla olur. Etle temasta m\u00fcmk\u00fcn oldu\u011funca eldiven kullan\u0131lmal\u0131, eller her temas sonras\u0131nda 20 sn. boyunca sabunla y\u0131kanmal\u0131d\u0131r.<\/li>\n<li>Genel g\u0131da g\u00fcvenli\u011fi kural\u0131 olarak, tavuk etinin mutlaka iyi pi\u015firilmesi gerekir. Onayl\u0131 i\u015fletmelerde \u00fcretilen et ve yumurtalarda vir\u00fcs\u00fcn bulunma olas\u0131l\u0131\u011f\u0131 \u00e7ok d\u00fc\u015f\u00fckt\u00fcr, ayr\u0131ca kanatl\u0131 eti ve yumurtalar 72 dereceyi a\u015fk\u0131n s\u0131cakl\u0131klarda pi\u015firildi\u011finde vir\u00fcs yok olur.<\/li>\n<\/ul>\n            <\/div>        <\/div>    <\/div><\/section>\n<section class=\"av_toggle_section\"  itemscope=\"itemscope\" itemtype=\"https:\/\/schema.org\/BlogPosting\" itemprop=\"blogPost\"  >    <div role=\"tablist\" class=\"single_toggle\" data-tags=\"{All} \"  >        <p data-fake-id=\"#toggle-id-18\" class=\"toggler \"  itemprop=\"headline\"   data-hoverstyle='color: #000000; ' role=\"tab\" tabindex=\"0\" aria-controls=\"toggle-id-18\">Yanm\u0131\u015f etler kanser yapar m\u0131?<span class=\"toggle_icon\" >        <span class=\"vert_icon\"><\/span><span class=\"hor_icon\"><\/span><\/span><\/p>        <div id=\"toggle-id-18\" class=\"toggle_wrap \"   >            <div class=\"toggle_content invers-color \"  itemprop=\"text\"   ><p>Y\u00fcksek s\u0131cakl\u0131klarda ve k\u00f6m\u00fcrle\u015fene kadar k\u0131zart\u0131lm\u0131\u015f etlerin kanserojen etkisi s\u00f6z konusudur. Sadece et i\u00e7in de\u011fil, b\u00fct\u00fcn yanm\u0131\u015f g\u0131dalar i\u00e7in b\u00f6yle bir risk s\u00f6z konusudur.<\/p>\n            <\/div>        <\/div>    <\/div><\/section>\n<section class=\"av_toggle_section\"  itemscope=\"itemscope\" itemtype=\"https:\/\/schema.org\/BlogPosting\" itemprop=\"blogPost\"  >    <div role=\"tablist\" class=\"single_toggle\" data-tags=\"{All} \"  >        <p data-fake-id=\"#toggle-id-19\" class=\"toggler \"  itemprop=\"headline\"   data-hoverstyle='color: #000000; ' role=\"tab\" tabindex=\"0\" aria-controls=\"toggle-id-19\">Mangalda et pi\u015firmenin riskli oldu\u011fu do\u011fru mudur? <span class=\"toggle_icon\" >        <span class=\"vert_icon\"><\/span><span class=\"hor_icon\"><\/span><\/span><\/p>        <div id=\"toggle-id-19\" class=\"toggle_wrap \"   >            <div class=\"toggle_content invers-color \"  itemprop=\"text\"   ><p>Mangalda pi\u015firmede kullan\u0131lan odun k\u00f6m\u00fcr gibi organik yak\u0131tlar\u0131n yani karbon i\u00e7eren yak\u0131tlar\u0131n yetersiz yanmas\u0131 sonucunda kanserojen bir madde olan PAH olu\u015fmaktad\u0131r. Bu bak\u0131\u015fla mangalda pi\u015firme, di\u011fer pi\u015firme y\u00f6ntemlerinden daha risklidir.<\/p>\n<p>T\u00fcketicilerin mangal yaparken, alevin iyice kor halini almas\u0131n\u0131 beklemeleri ve \u00e7ok ya\u011fl\u0131 etler kullanmamalar\u0131 ve pi\u015firmeyi k\u00f6zden yakla\u015f\u0131k 15-20 cm uzakta yapmalar\u0131 tavsiye edilmektedir. T\u00fcm g\u0131dalarla ilgili oldu\u011fu gibi dengeli beslenmeleri, s\u00fcrekli bi\u00e7imde mangalda pi\u015fmi\u015f \u00fcr\u00fcn t\u00fcketmemeleri<\/p>\n            <\/div>        <\/div>    <\/div><\/section>\n<section class=\"av_toggle_section\"  itemscope=\"itemscope\" itemtype=\"https:\/\/schema.org\/BlogPosting\" itemprop=\"blogPost\"  >    <div role=\"tablist\" class=\"single_toggle\" data-tags=\"{All} \"  >        <p data-fake-id=\"#toggle-id-20\" class=\"toggler \"  itemprop=\"headline\"   data-hoverstyle='color: #000000; ' role=\"tab\" tabindex=\"0\" aria-controls=\"toggle-id-20\">\u0130\u00e7i iyi pi\u015fmemi\u015f bal\u0131k riskli midir?<span class=\"toggle_icon\" >        <span class=\"vert_icon\"><\/span><span class=\"hor_icon\"><\/span><\/span><\/p>        <div id=\"toggle-id-20\" class=\"toggle_wrap \"   >            <div class=\"toggle_content invers-color \"  itemprop=\"text\"   ><p>Evet iyi pi\u015fmemi\u015f b\u00fct\u00fcn hayvansal g\u0131dalar gibi, bal\u0131k da risklidir. Bal\u0131klar\u0131n merkez noktas\u0131 en az 72 derece olacak \u015fekilde pi\u015firilmesi gerekir. Pi\u015firilmeden yenecek bal\u0131klar\u0131n \u0131s\u0131l i\u015flem d\u0131\u015f\u0131nda tuzlama, kurutma, dumanlama, marinasyon gibi bir muhafaza tekni\u011fiyle haz\u0131rlanmas\u0131 veya tamamen \u00e7i\u011f\u00a0 (su\u015fi gibi) t\u00fcketilece\u011fi zaman \u201c<a href=\"https:\/\/ggd.org.tr\/et-balik-tavuk\/#toggle-id-33\">Su\u015fi g\u00fcvenli midir?<\/a>\u201c ba\u015fl\u0131\u011f\u0131ndaki \u00f6nerilere uyulmas\u0131 gereklidir.<\/p>\n            <\/div>        <\/div>    <\/div><\/section>\n<section class=\"av_toggle_section\"  itemscope=\"itemscope\" itemtype=\"https:\/\/schema.org\/BlogPosting\" itemprop=\"blogPost\"  >    <div role=\"tablist\" class=\"single_toggle\" data-tags=\"{All} \"  >        <p data-fake-id=\"#toggle-id-21\" class=\"toggler \"  itemprop=\"headline\"   data-hoverstyle='color: #000000; ' role=\"tab\" tabindex=\"0\" aria-controls=\"toggle-id-21\">\u0130\u00e7i iyi pi\u015fmemi\u015f et riskli midir?<span class=\"toggle_icon\" >        <span class=\"vert_icon\"><\/span><span class=\"hor_icon\"><\/span><\/span><\/p>        <div id=\"toggle-id-21\" class=\"toggle_wrap \"   >            <div class=\"toggle_content invers-color \"  itemprop=\"text\"   ><p>Par\u00e7a etlerde mikroorganizma y\u00fckleri a\u011f\u0131rl\u0131kla y\u00fczeyindedir, o y\u00fczden kimi k\u00fclt\u00fcrlerde az pi\u015fmi\u015f olarak da t\u00fcketilmektedir. Fakat g\u0131da g\u00fcvenli\u011fi riskini minimuma indirmek i\u00e7in tam olarak pi\u015firilmesi \u00f6nerilir.<\/p>\n            <\/div>        <\/div>    <\/div><\/section>\n<section class=\"av_toggle_section\"  itemscope=\"itemscope\" itemtype=\"https:\/\/schema.org\/BlogPosting\" itemprop=\"blogPost\"  >    <div role=\"tablist\" class=\"single_toggle\" data-tags=\"{All} \"  >        <p data-fake-id=\"#toggle-id-22\" class=\"toggler \"  itemprop=\"headline\"   data-hoverstyle='color: #000000; ' role=\"tab\" tabindex=\"0\" aria-controls=\"toggle-id-22\">\u0130\u00e7i iyi pi\u015fmemi\u015f k\u00f6fte riskli midir?<span class=\"toggle_icon\" >        <span class=\"vert_icon\"><\/span><span class=\"hor_icon\"><\/span><\/span><\/p>        <div id=\"toggle-id-22\" class=\"toggle_wrap \"   >            <div class=\"toggle_content invers-color \"  itemprop=\"text\"   ><p>Evet risklidir, t\u00fcketilmemelidir. K\u00f6ftelerin her taraf\u0131n\u0131n en az 72 dereceye kadar pi\u015firilmesi gerekir.<\/p>\n            <\/div>        <\/div>    <\/div><\/section>\n<section class=\"av_toggle_section\"  itemscope=\"itemscope\" itemtype=\"https:\/\/schema.org\/BlogPosting\" itemprop=\"blogPost\"  >    <div role=\"tablist\" class=\"single_toggle\" data-tags=\"{All} \"  >        <p data-fake-id=\"#toggle-id-23\" class=\"toggler \"  itemprop=\"headline\"   data-hoverstyle='color: #000000; ' role=\"tab\" tabindex=\"0\" aria-controls=\"toggle-id-23\">\u0130\u00e7i iyi pi\u015fmemi\u015f kanatl\u0131 eti ve et \u00fcr\u00fcnleri riskli midir?<span class=\"toggle_icon\" >        <span class=\"vert_icon\"><\/span><span class=\"hor_icon\"><\/span><\/span><\/p>        <div id=\"toggle-id-23\" class=\"toggle_wrap \"   >            <div class=\"toggle_content invers-color \"  itemprop=\"text\"   ><p>Evet t\u00fcm di\u011fer et t\u00fcrleri gibi risklidir, t\u00fcketilmemelidir. Kanatl\u0131 eti ve di\u011fer et ve \u00fcr\u00fcnlerinin tamamen pi\u015firilmesi i\u00e7in i\u00e7 s\u0131cakl\u0131klar\u0131n\u0131n 72 derece\u00a0veya daha y\u00fcksek s\u0131cakl\u0131klara ula\u015facak \u015fekilde pi\u015firilmesi tavsiye edilir.<\/p>\n            <\/div>        <\/div>    <\/div><\/section>\n<section class=\"av_toggle_section\"  itemscope=\"itemscope\" itemtype=\"https:\/\/schema.org\/BlogPosting\" itemprop=\"blogPost\"  >    <div role=\"tablist\" class=\"single_toggle\" data-tags=\"{All} \"  >        <p data-fake-id=\"#toggle-id-24\" class=\"toggler \"  itemprop=\"headline\"   data-hoverstyle='color: #000000; ' role=\"tab\" tabindex=\"0\" aria-controls=\"toggle-id-24\">Kan p\u0131ht\u0131s\u0131 g\u00f6r\u00fclen kanatl\u0131 etleri tehlikeli midir?<span class=\"toggle_icon\" >        <span class=\"vert_icon\"><\/span><span class=\"hor_icon\"><\/span><\/span><\/p>        <div id=\"toggle-id-24\" class=\"toggle_wrap \"   >            <div class=\"toggle_content invers-color \"  itemprop=\"text\"   ><p>G\u00f6zden ka\u00e7m\u0131\u015f kan p\u0131ht\u0131s\u0131n\u0131n sa\u011fl\u0131k a\u00e7\u0131s\u0131ndan herhangi bir tehlikesi yoktur.<\/p>\n            <\/div>        <\/div>    <\/div><\/section>\n<section class=\"av_toggle_section\"  itemscope=\"itemscope\" itemtype=\"https:\/\/schema.org\/BlogPosting\" itemprop=\"blogPost\"  >    <div role=\"tablist\" class=\"single_toggle\" data-tags=\"{All} \"  >        <p data-fake-id=\"#toggle-id-25\" class=\"toggler \"  itemprop=\"headline\"   data-hoverstyle='color: #000000; ' role=\"tab\" tabindex=\"0\" aria-controls=\"toggle-id-25\">Kanatl\u0131 hayvanlar\u0131n ci\u011fer ve y\u00fcrek \u00fcr\u00fcnlerindeki renk de\u011fi\u015fimleri tehlikeli midir?<span class=\"toggle_icon\" >        <span class=\"vert_icon\"><\/span><span class=\"hor_icon\"><\/span><\/span><\/p>        <div id=\"toggle-id-25\" class=\"toggle_wrap \"   >            <div class=\"toggle_content invers-color \"  itemprop=\"text\"   ><p>G\u0131da g\u00fcvenli\u011fi a\u00e7\u0131s\u0131ndan rengi de\u011fi\u015fmi\u015f \u00fcr\u00fcnlerin t\u00fcketilmesi tavsiye edilmez, ci\u011fer ve y\u00fcrekte renk de\u011fi\u015fiklikleri kesimhanelerde veteriner hekimler taraf\u0131ndan kontrol edilir ve ayr\u0131l\u0131r.\u00a0 T\u00fcketime uygun olanlar sat\u0131\u015fa y\u00f6nlendirilir.<\/p>\n            <\/div>        <\/div>    <\/div><\/section>\n<section class=\"av_toggle_section\"  itemscope=\"itemscope\" itemtype=\"https:\/\/schema.org\/BlogPosting\" itemprop=\"blogPost\"  >    <div role=\"tablist\" class=\"single_toggle\" data-tags=\"{All} \"  >        <p data-fake-id=\"#toggle-id-26\" class=\"toggler \"  itemprop=\"headline\"   data-hoverstyle='color: #000000; ' role=\"tab\" tabindex=\"0\" aria-controls=\"toggle-id-26\">Pili\u00e7\/hindi etinden yap\u0131lan nugget\u2019lar sa\u011fl\u0131\u011fa zararl\u0131 m\u0131?<span class=\"toggle_icon\" >        <span class=\"vert_icon\"><\/span><span class=\"hor_icon\"><\/span><\/span><\/p>        <div id=\"toggle-id-26\" class=\"toggle_wrap \"   >            <div class=\"toggle_content invers-color \"  itemprop=\"text\"   ><p>G\u0131da g\u00fcvenli\u011fi kurallar\u0131na uyularak \u00fcretilen ve yine bu kurallar dahilinde t\u00fcketiciye ula\u015ft\u0131r\u0131lan her t\u00fcrl\u00fc kanatl\u0131 \u00fcr\u00fcn\u00fc g\u00fcvenlidir. \u00dcr\u00fcn\u00fcn ambalajl\u0131 ve etiketli olmas\u0131 ve i\u015fletme onay numaras\u0131n\u0131n bulunmas\u0131, \u00fcr\u00fcn\u00fcn denetim alt\u0131nda oldu\u011funun ve izlenebilirli\u011finin m\u00fcmk\u00fcn oldu\u011funun g\u00f6stergesidir.<\/p>\n            <\/div>        <\/div>    <\/div><\/section>\n<section class=\"av_toggle_section\"  itemscope=\"itemscope\" itemtype=\"https:\/\/schema.org\/BlogPosting\" itemprop=\"blogPost\"  >    <div role=\"tablist\" class=\"single_toggle\" data-tags=\"{All} \"  >        <p data-fake-id=\"#toggle-id-27\" class=\"toggler \"  itemprop=\"headline\"   data-hoverstyle='color: #000000; ' role=\"tab\" tabindex=\"0\" aria-controls=\"toggle-id-27\">B\u00fct\u00fcn pili\u00e7\/hindi po\u015fetlerinin i\u00e7inde su birikmesi neyi g\u00f6sterir?<span class=\"toggle_icon\" >        <span class=\"vert_icon\"><\/span><span class=\"hor_icon\"><\/span><\/span><\/p>        <div id=\"toggle-id-27\" class=\"toggle_wrap \"   >            <div class=\"toggle_content invers-color \"  itemprop=\"text\"   ><p>\u00dcr\u00fcnlerin do\u011fas\u0131 gere\u011fi ambalaj i\u00e7erisinde bir miktar s\u0131v\u0131 g\u00f6r\u00fclmesi normaldir. \u00a0\u00dcr\u00fcn\u00fcn a\u015f\u0131r\u0131 sulu olmas\u0131, o \u00fcr\u00fcnde so\u011fuk zincirin bozuldu\u011funu g\u00f6sterir ki bu da riskli bir durumdur. Bu t\u00fcr \u00fcr\u00fcnlerin sat\u0131n al\u0131nmamas\u0131 \u00f6nerilir.<\/p>\n            <\/div>        <\/div>    <\/div><\/section>\n<section class=\"av_toggle_section\"  itemscope=\"itemscope\" itemtype=\"https:\/\/schema.org\/BlogPosting\" itemprop=\"blogPost\"  >    <div role=\"tablist\" class=\"single_toggle\" data-tags=\"{All} \"  >        <p data-fake-id=\"#toggle-id-28\" class=\"toggler \"  itemprop=\"headline\"   data-hoverstyle='color: #000000; ' role=\"tab\" tabindex=\"0\" aria-controls=\"toggle-id-28\">Kanatl\u0131 hayvanlar\u0131n \u00fcretimi s\u0131ras\u0131nda hormon kullan\u0131l\u0131r m\u0131?<span class=\"toggle_icon\" >        <span class=\"vert_icon\"><\/span><span class=\"hor_icon\"><\/span><\/span><\/p>        <div id=\"toggle-id-28\" class=\"toggle_wrap \"   >            <div class=\"toggle_content invers-color \"  itemprop=\"text\"   ><p>Hay\u0131r kullan\u0131lmaz. AB\u2019de oldu\u011fu gibi, \u00fclkemizde de kanatl\u0131 \u00fcretiminde hormon kullan\u0131m\u0131 yasakt\u0131r. Hormonun pili\u00e7lerde kullan\u0131lmas\u0131 pratik olarak da uygulanabilir de\u011fildir. Ayr\u0131ca Tar\u0131m ve Orman Bakanl\u0131\u011f\u0131 Ulusal Kal\u0131nt\u0131 \u0130zleme Programlar\u0131 ile d\u00fczenli olarak kal\u0131nt\u0131lar\u0131 takip etmektedir.<\/p>\n            <\/div>        <\/div>    <\/div><\/section>\n<section class=\"av_toggle_section\"  itemscope=\"itemscope\" itemtype=\"https:\/\/schema.org\/BlogPosting\" itemprop=\"blogPost\"  >    <div role=\"tablist\" class=\"single_toggle\" data-tags=\"{All} \"  >        <p data-fake-id=\"#toggle-id-29\" class=\"toggler \"  itemprop=\"headline\"   data-hoverstyle='color: #000000; ' role=\"tab\" tabindex=\"0\" aria-controls=\"toggle-id-29\">Kanatl\u0131 hayvanlar, b\u00fcy\u00fck ve k\u00fc\u00e7\u00fckba\u015f hayvanlar islami kurallara g\u00f6re mi kesiliyor?<span class=\"toggle_icon\" >        <span class=\"vert_icon\"><\/span><span class=\"hor_icon\"><\/span><\/span><\/p>        <div id=\"toggle-id-29\" class=\"toggle_wrap \"   >            <div class=\"toggle_content invers-color \"  itemprop=\"text\"   ><p>\u00dclkemiz n\u00fcfusunun b\u00fcy\u00fck \u00e7o\u011funlu\u011fu M\u00fcsl\u00fcman oldu\u011fundan, kesim gelenekleri islami kurallar \u00fczerine kurulmu\u015ftur. T\u00fcrkiye&#8217;de \u00fcretim yapan firmalar islami kurallara g\u00f6re kesim yapmaktad\u0131r.<\/p>\n            <\/div>        <\/div>    <\/div><\/section>\n<section class=\"av_toggle_section\"  itemscope=\"itemscope\" itemtype=\"https:\/\/schema.org\/BlogPosting\" itemprop=\"blogPost\"  >    <div role=\"tablist\" class=\"single_toggle\" data-tags=\"{All} \"  >        <p data-fake-id=\"#toggle-id-30\" class=\"toggler \"  itemprop=\"headline\"   data-hoverstyle='color: #000000; ' role=\"tab\" tabindex=\"0\" aria-controls=\"toggle-id-30\">Salam, sucuk ve past\u0131rman\u0131n \u00e7i\u011f yenmesi sa\u011fl\u0131\u011fa zararl\u0131 m\u0131d\u0131r?<span class=\"toggle_icon\" >        <span class=\"vert_icon\"><\/span><span class=\"hor_icon\"><\/span><\/span><\/p>        <div id=\"toggle-id-30\" class=\"toggle_wrap \"   >            <div class=\"toggle_content invers-color \"  itemprop=\"text\"   ><ul>\n<li>Salam, teknolojisi gere\u011fi \u0131s\u0131l i\u015flem g\u00f6rm\u00fc\u015f bir \u00fcr\u00fcnd\u00fcr, \u00e7i\u011f t\u00fcketilebilir.<\/li>\n<li>Geleneksel sucuk ve past\u0131rma, di\u011fer \u0131s\u0131l i\u015flem uygulanm\u0131\u015f \u00fcr\u00fcnlerden farkl\u0131 olarak, \u0131s\u0131l i\u015flem uygulanmadan \u00fcretilen \u00fcr\u00fcnlerdir. Ancak birinin tuzlanm\u0131\u015f ve kurutulmu\u015f \u00fcr\u00fcn olmas\u0131; di\u011ferinde de fermantasyon i\u015flemi ve koruyucu kullan\u0131l\u0131yor olmas\u0131 nedeniyle onayl\u0131 yerlerde \u00fcretilmi\u015f, ambalajl\u0131 \u00fcr\u00fcnlerden t\u00fcketilmesi halinde pi\u015firilmeden t\u00fcketilebilir. Ambalaj \u00fczerinde yer alan \u00fcretici tavsiyeleri dikkate al\u0131nmal\u0131d\u0131r.<\/li>\n<\/ul>\n            <\/div>        <\/div>    <\/div><\/section>\n<section class=\"av_toggle_section\"  itemscope=\"itemscope\" itemtype=\"https:\/\/schema.org\/BlogPosting\" itemprop=\"blogPost\"  >    <div role=\"tablist\" class=\"single_toggle\" data-tags=\"{All} \"  >        <p data-fake-id=\"#toggle-id-31\" class=\"toggler \"  itemprop=\"headline\"   data-hoverstyle='color: #000000; ' role=\"tab\" tabindex=\"0\" aria-controls=\"toggle-id-31\">Son kullanma tarihi ge\u00e7medi\u011fi halde, kanatl\u0131 \u00fcr\u00fcnleri neden bozulur?<span class=\"toggle_icon\" >        <span class=\"vert_icon\"><\/span><span class=\"hor_icon\"><\/span><\/span><\/p>        <div id=\"toggle-id-31\" class=\"toggle_wrap \"   >            <div class=\"toggle_content invers-color \"  itemprop=\"text\"   ><p>Kanatl\u0131 \u00fcr\u00fcnleri s\u0131cakl\u0131\u011fa kar\u015f\u0131 hassas \u00fcr\u00fcnlerdir. Bozulma sebebi \u00fcretimden itibaren zincirin bir veya birka\u00e7 noktas\u0131nda hijyen kurallar\u0131n\u0131n gere\u011fi gibi uygulanmam\u0131\u015f olmas\u0131d\u0131r.\u00a0 Saklama ve depolama s\u0131ras\u0131nda so\u011fuk zincirin k\u0131r\u0131lm\u0131\u015f olmas\u0131 da ihtimal d\u00e2hilindedir.<\/p>\n            <\/div>        <\/div>    <\/div><\/section>\n<section class=\"av_toggle_section\"  itemscope=\"itemscope\" itemtype=\"https:\/\/schema.org\/BlogPosting\" itemprop=\"blogPost\"  >    <div role=\"tablist\" class=\"single_toggle\" data-tags=\"{All} \"  >        <p data-fake-id=\"#toggle-id-32\" class=\"toggler \"  itemprop=\"headline\"   data-hoverstyle='color: #000000; ' role=\"tab\" tabindex=\"0\" aria-controls=\"toggle-id-32\">Sucuk, salam gibi et \u00fcr\u00fcnlerinin marketlerde nas\u0131l saklanmas\u0131 gerekir? <span class=\"toggle_icon\" >        <span class=\"vert_icon\"><\/span><span class=\"hor_icon\"><\/span><\/span><\/p>        <div id=\"toggle-id-32\" class=\"toggle_wrap \"   >            <div class=\"toggle_content invers-color \"  itemprop=\"text\"   ><p>Sucuk ve salam gibi et \u00fcr\u00fcnleri, sat\u0131\u015f noktas\u0131na kadar so\u011fuk zincirle ula\u015fmal\u0131 ve yine 0- 4 derecelik dolaplarda sat\u0131\u015fa sunulmal\u0131d\u0131rlar. \u015eark\u00fcteri reyonlar\u0131nda dilimlenerek sat\u0131lan \u00fcr\u00fcnlere mikroorganizma bula\u015fmas\u0131na engel olmak i\u00e7in; sat\u0131\u015f dolaplar\u0131n\u0131n \u00fczerindeki camlar, d\u0131\u015far\u0131dan bula\u015fmay\u0131 engelleyecek bi\u00e7imde e\u011fimli olmal\u0131d\u0131r. Ortam ve personel hijyenine dikkat edilerek, \u00e7apraz bula\u015f\u0131 engellenmelidir. Dolaplar\u0131n s\u0131cakl\u0131klar\u0131 s\u00fcrekli izlenmeli, so\u011fumaya engel olacak veya bula\u015fmaya neden olacak bir \u00fcr\u00fcn y\u0131\u011f\u0131lmas\u0131 olmamal\u0131d\u0131r. \u00dcr\u00fcnler t\u00fcketiciye haz\u0131rlan\u0131rken temiz eldivenle temas edilmelidir. \u0130lk par\u00e7alanmaya ba\u015flanan \u00fcr\u00fcn\u00fcn \u00f6nce sat\u0131lmas\u0131na dikkat edilmelidir.<\/p>\n            <\/div>        <\/div>    <\/div><\/section>\n<section class=\"av_toggle_section\"  itemscope=\"itemscope\" itemtype=\"https:\/\/schema.org\/BlogPosting\" itemprop=\"blogPost\"  >    <div role=\"tablist\" class=\"single_toggle\" data-tags=\"{All} \"  >        <p data-fake-id=\"#toggle-id-33\" class=\"toggler \"  itemprop=\"headline\"   data-hoverstyle='color: #000000; ' role=\"tab\" tabindex=\"0\" aria-controls=\"toggle-id-33\">Su\u015fi g\u00fcvenli midir?<span class=\"toggle_icon\" >        <span class=\"vert_icon\"><\/span><span class=\"hor_icon\"><\/span><\/span><\/p>        <div id=\"toggle-id-33\" class=\"toggle_wrap \"   >            <div class=\"toggle_content invers-color \"  itemprop=\"text\"   ><p>Su\u015fi \u00e7o\u011funlukla \u00e7i\u011f bal\u0131k kullan\u0131larak yap\u0131ld\u0131\u011f\u0131 i\u00e7in,<\/p>\n<ul>\n<li>Parazit, vir\u00fcs ve bakteriler a\u00e7\u0131s\u0131ndan \u0131s\u0131l i\u015flem g\u00f6rm\u00fc\u015f bal\u0131k \u00fcr\u00fcnlerine g\u00f6re daha risklidir.<\/li>\n<li>Haz\u0131rl\u0131\u011f\u0131 a\u015famas\u0131nda hijyen kurallar\u0131n\u0131n gere\u011fi gibi uygulanmamas\u0131 halinde risk artar.<\/li>\n<\/ul>\n<ul>\n<li>Marketlerde sat\u0131lan haz\u0131r su\u015filerin so\u011fuk ortamda muhafaza edildi\u011finden emin olunmas\u0131, onayl\u0131 ve hijyenik bir i\u015fletmede \u00fcretilmi\u015f olmas\u0131, son kullanma tarihi i\u00e7eren ambalaj i\u00e7erisinde sat\u0131l\u0131yor olmas\u0131 ve taze olmas\u0131 gerekmektedir.<\/li>\n<li>Restoranda t\u00fcketilecek su\u015filerin ise sipari\u015f s\u0131ras\u0131nda taze olarak haz\u0131rlanmas\u0131, bal\u0131klar\u0131n so\u011fukta muhafaza ediliyor olmas\u0131 (\u00e7o\u011fu su\u015fi restoran\u0131nda bal\u0131klar m\u00fc\u015fterinin g\u00f6rebilece\u011fi \u015fekilde muhafaza edilmektedir), restoran\u0131n g\u00fcvenilir bir firma olmas\u0131 gerekmektedir.<\/li>\n<\/ul>\n            <\/div>        <\/div>    <\/div><\/section>\n<section class=\"av_toggle_section\"  itemscope=\"itemscope\" itemtype=\"https:\/\/schema.org\/BlogPosting\" itemprop=\"blogPost\"  >    <div role=\"tablist\" class=\"single_toggle\" data-tags=\"{All} \"  >        <p data-fake-id=\"#toggle-id-34\" class=\"toggler \"  itemprop=\"headline\"   data-hoverstyle='color: #000000; ' role=\"tab\" tabindex=\"0\" aria-controls=\"toggle-id-34\">Lakerda, \u00e7iroz gibi \u00e7i\u011f bal\u0131k \u00fcr\u00fcnleri g\u00fcvenli midir? <span class=\"toggle_icon\" >        <span class=\"vert_icon\"><\/span><span class=\"hor_icon\"><\/span><\/span><\/p>        <div id=\"toggle-id-34\" class=\"toggle_wrap \"   >            <div class=\"toggle_content invers-color \"  itemprop=\"text\"   ><p>\u00c7iroz ve lakerda geleneksel \u00e7i\u011f bal\u0131k \u00fcr\u00fcnlerimizdir. \u00c7iroz \u00fcretiminde, bir g\u0131dada bulunan mikroorganizmalar\u0131 etkisiz hale getirecek en etkin iki y\u00f6ntem olan tuzlama ve kurutma i\u015flemleri uygulan\u0131r. Ancak bu \u00fcr\u00fcnler i\u00e7in tuz deri\u015fimi ve su aktivitesi konusunda belirlenmi\u015f g\u00fcvenli ve standart bir s\u0131n\u0131r bulunmamaktad\u0131r.<\/p>\n<p>Lakerda \u00fcretiminde de yo\u011fun tuzlama i\u015flemi vard\u0131r ancak \u00fcr\u00fcn kuru de\u011fildir. Bu geleneksel \u00fcr\u00fcnlere uygulanan i\u015flemler mikrobiyel riski \u00e7i\u011f bal\u0131\u011fa g\u00f6re azaltsa da yok etmez. Mikrobiyel a\u00e7\u0131dan g\u00fcvenli \u00fcr\u00fcnler kontroll\u00fc \u0131s\u0131l i\u015flem g\u00f6rm\u00fc\u015f \u00fcr\u00fcnlerdir. T\u00fcketilmesi durumunda onayl\u0131 i\u015fletmelerden ve ambalajl\u0131, etiketli olarak al\u0131nmas\u0131, lakerdan\u0131n buzdolab\u0131 s\u0131cakl\u0131\u011f\u0131nda muhafaza edilmesi ve \u00fcr\u00fcnlerin son t\u00fcketim tarihlerine uyulmas\u0131 \u00f6nerilir.<\/p>\n            <\/div>        <\/div>    <\/div><\/section>\n<section class=\"av_toggle_section\"  itemscope=\"itemscope\" itemtype=\"https:\/\/schema.org\/BlogPosting\" itemprop=\"blogPost\"  >    <div role=\"tablist\" class=\"single_toggle\" data-tags=\"{All} \"  >        <p data-fake-id=\"#toggle-id-35\" class=\"toggler \"  itemprop=\"headline\"   data-hoverstyle='color: #000000; ' role=\"tab\" tabindex=\"0\" aria-controls=\"toggle-id-35\">Kanatl\u0131 etleri en uzun s\u00fcre nas\u0131l muhafaza edilir?<span class=\"toggle_icon\" >        <span class=\"vert_icon\"><\/span><span class=\"hor_icon\"><\/span><\/span><\/p>        <div id=\"toggle-id-35\" class=\"toggle_wrap \"   >            <div class=\"toggle_content invers-color \"  itemprop=\"text\"   ><p>K\u0131rm\u0131z\u0131 et ve kanatl\u0131 etleri ile et \u00fcr\u00fcnleri m\u00fcmk\u00fcnse al\u0131\u015fveri\u015fin en sonunda sat\u0131n al\u0131nmal\u0131d\u0131r. So\u011fuk zinciri koruyacak \u015fekilde ta\u015f\u0131ma \u00e7antalar\u0131 ile ta\u015f\u0131nmas\u0131 \u00fcr\u00fcn\u00fcn raf \u00f6mr\u00fc boyunca g\u00fcvenli kalmas\u0131n\u0131 sa\u011flayacakt\u0131r. Tavuk ve hindi etleri \u00a0uzun s\u00fcre saklanmak isteniyorsa, en iyi y\u00f6ntem \u00a0dondurulmu\u015f \u00fcr\u00fcnleri sat\u0131n alarak, derin dondurucuda \u00a0saklamakt\u0131r.<\/p>\n            <\/div>        <\/div>    <\/div><\/section>\n<section class=\"av_toggle_section\"  itemscope=\"itemscope\" itemtype=\"https:\/\/schema.org\/BlogPosting\" itemprop=\"blogPost\"  >    <div role=\"tablist\" class=\"single_toggle\" data-tags=\"{All} \"  >        <p data-fake-id=\"#toggle-id-36\" class=\"toggler \"  itemprop=\"headline\"   data-hoverstyle='color: #000000; ' role=\"tab\" tabindex=\"0\" aria-controls=\"toggle-id-36\">Kanatl\u0131 (pili\u00e7, hindi) et ve et \u00fcr\u00fcnlerinin evde saklanmas\u0131nda nelere dikkat edilmelidir?<span class=\"toggle_icon\" >        <span class=\"vert_icon\"><\/span><span class=\"hor_icon\"><\/span><\/span><\/p>        <div id=\"toggle-id-36\" class=\"toggle_wrap \"   >            <div class=\"toggle_content invers-color \"  itemprop=\"text\"   ><ul>\n<li>Etler al\u0131nd\u0131ktan hemen sonra ya pi\u015firilmeli ya da buzdolab\u0131nda saklanmal\u0131d\u0131r.<\/li>\n<li>\u00dcr\u00fcnler, buzdolab\u0131nda &#8220;+4 derecede&#8221; son kullanma tarihine kadar saklanabilir.<\/li>\n<li>Taze kanatl\u0131 etleri hemen kullan\u0131lamayacaksa, son kullanma tarihinden \u00f6nce\u00a0m\u00fcmk\u00fcn olan en k\u0131sa s\u00fcrede\u00a0dondurulmal\u0131d\u0131r. Bu sayede\u00a0taze raf \u00f6mr\u00fcnden\u00a0daha uzun s\u00fcre donuk olarak saklanabilir, bu \u015fekilde dondurulan \u00fcr\u00fcnler de m\u00fcmk\u00fcn olan en k\u0131sa s\u00fcrede t\u00fcketilmelidir. Tavuk etlerinin ambalaj\u0131nda derin dondurucuda raf \u00f6mr\u00fcn\u00fcn ne kadar oldu\u011fu bilgisi olmas\u0131 halinde, etiket \u00fczerindeki ko\u015fullara da uyarak ilgili tarih dikkate al\u0131nmal\u0131d\u0131r.<\/li>\n<li>Donmu\u015f \u00fcr\u00fcnler oda s\u0131cakl\u0131\u011f\u0131nda de\u011fil, buzdolab\u0131nda \u00e7\u00f6zd\u00fcr\u00fclmelidir. Acilen \u00e7\u00f6zd\u00fcr\u00fclmek istenen \u00fcr\u00fcnler, varsa mikrodalga f\u0131r\u0131nlar\u0131n \u00e7\u00f6zd\u00fcrme programlar\u0131 kullan\u0131larak \u00e7\u00f6zd\u00fcr\u00fclebilirler.<\/li>\n<li>Donmu\u015f bir \u00fcr\u00fcn \u00e7\u00f6zd\u00fcr\u00fcld\u00fckten sonra, kesinlikle yeniden dondurulmamal\u0131d\u0131r.<\/li>\n<li>K\u0131rm\u0131z\u0131 ve beyaz etler kesinlikle ayr\u0131 ayr\u0131 saklanmal\u0131<\/li>\n<\/ul>\n            <\/div>        <\/div>    <\/div><\/section>\n<section class=\"av_toggle_section\"  itemscope=\"itemscope\" itemtype=\"https:\/\/schema.org\/BlogPosting\" itemprop=\"blogPost\"  >    <div role=\"tablist\" class=\"single_toggle\" data-tags=\"{All} \"  >        <p data-fake-id=\"#toggle-id-37\" class=\"toggler \"  itemprop=\"headline\"   data-hoverstyle='color: #000000; ' role=\"tab\" tabindex=\"0\" aria-controls=\"toggle-id-37\">Midye, istiridye, kum midyesi gibi \u00fcr\u00fcnler mutlaka canl\u0131 m\u0131 al\u0131nmal\u0131?<span class=\"toggle_icon\" >        <span class=\"vert_icon\"><\/span><span class=\"hor_icon\"><\/span><\/span><\/p>        <div id=\"toggle-id-37\" class=\"toggle_wrap \"   >            <div class=\"toggle_content invers-color \"  itemprop=\"text\"   ><p>Evet. Bunlar \u00e7ok h\u0131zl\u0131 bozulan \u00fcr\u00fcnler oldu\u011fundan canl\u0131 olarak al\u0131nmal\u0131 ve haz\u0131rlanmal\u0131d\u0131r.\u00a0\u00a0 Bunun anla\u015f\u0131lmas\u0131 i\u00e7in kapa\u011f\u0131na dokunmak gerekir. Dokunuldu\u011funda kapan\u0131yorsa canl\u0131d\u0131r.\u00a0 Donmu\u015f olarak sat\u0131lan i\u00e7 midye, i\u00e7 kum midyesi ise g\u00fcvenle t\u00fcketilebilir.<\/p>\n            <\/div>        <\/div>    <\/div><\/section>\n<section class=\"av_toggle_section\"  itemscope=\"itemscope\" itemtype=\"https:\/\/schema.org\/BlogPosting\" itemprop=\"blogPost\"  >    <div role=\"tablist\" class=\"single_toggle\" data-tags=\"{All} \"  >        <p data-fake-id=\"#toggle-id-38\" class=\"toggler \"  itemprop=\"headline\"   data-hoverstyle='color: #000000; ' role=\"tab\" tabindex=\"0\" aria-controls=\"toggle-id-38\">Lakerda, \u00c7iroz, marinat gibi \u00fcr\u00fcnler pi\u015fmi\u015f \u00fcr\u00fcn m\u00fc? Zararl\u0131 m\u0131?<span class=\"toggle_icon\" >        <span class=\"vert_icon\"><\/span><span class=\"hor_icon\"><\/span><\/span><\/p>        <div id=\"toggle-id-38\" class=\"toggle_wrap \"   >            <div class=\"toggle_content invers-color \"  itemprop=\"text\"   ><p>Hay\u0131r zararl\u0131 de\u011fil. Bunlar tuzlanarak, kurutularak veya tur\u015fu haline getirilerek dayan\u0131m\u0131 art\u0131r\u0131lan \u00fcr\u00fcnlerdir.\u00a0 Is\u0131l i\u015flem-pi\u015firme- yap\u0131lmam\u0131\u015f olsa da bu yap\u0131lan i\u015flemler g\u0131da g\u00fcvenli\u011fini sa\u011flamaktad\u0131r.\u00a0 Her g\u0131dada oldu\u011fu gibi onayl\u0131 ve g\u00fcvenilir firmalar\u0131n \u00fcr\u00fcnleri t\u00fcketilmelidir.<\/p>\n            <\/div>        <\/div>    <\/div><\/section>\n<section class=\"av_toggle_section\"  itemscope=\"itemscope\" itemtype=\"https:\/\/schema.org\/BlogPosting\" itemprop=\"blogPost\"  >    <div role=\"tablist\" class=\"single_toggle\" data-tags=\"{All} \"  >        <p data-fake-id=\"#toggle-id-39\" class=\"toggler \"  itemprop=\"headline\"   data-hoverstyle='color: #000000; ' role=\"tab\" tabindex=\"0\" aria-controls=\"toggle-id-39\">Hamileler bal\u0131k yemeli mi yememeli mi?<span class=\"toggle_icon\" >        <span class=\"vert_icon\"><\/span><span class=\"hor_icon\"><\/span><\/span><\/p>        <div id=\"toggle-id-39\" class=\"toggle_wrap \"   >            <div class=\"toggle_content invers-color \"  itemprop=\"text\"   ><p>Hamileler bal\u0131k t\u00fcketmelidir. Fetus geli\u015fimi a\u00e7\u0131s\u0131ndan elzem bir\u00e7ok fakt\u00f6r\u00fcn al\u0131nmas\u0131 i\u00e7in bal\u0131k t\u00fcketilmesi gereklidir.\u00a0 Hamilelerin dikkat etmeleri gereken konular ton bal\u0131\u011f\u0131n\u0131 ayda birden s\u0131k t\u00fcketmemek, bal\u0131\u011f\u0131 pi\u015fmi\u015f olarak t\u00fcketmek ve her t\u00fcketici i\u00e7in tavsiyemiz olan \u201c\u00e7e\u015fitlendirerek\u201d\u00a0 ve \u201chaftada 2 kez\u201d bal\u0131k t\u00fcketmek y\u00f6n\u00fcndedir.<\/p>\n            <\/div>        <\/div>    <\/div><\/section>\n<\/div>\n","protected":false},"excerpt":{"rendered":"","protected":false},"author":2,"featured_media":1827,"comment_status":"closed","ping_status":"open","sticky":false,"template":"","format":"standard","meta":[],"categories":[21],"tags":[],"_links":{"self":[{"href":"https:\/\/ggd.org.tr\/en\/wp-json\/wp\/v2\/posts\/1822"}],"collection":[{"href":"https:\/\/ggd.org.tr\/en\/wp-json\/wp\/v2\/posts"}],"about":[{"href":"https:\/\/ggd.org.tr\/en\/wp-json\/wp\/v2\/types\/post"}],"author":[{"embeddable":true,"href":"https:\/\/ggd.org.tr\/en\/wp-json\/wp\/v2\/users\/2"}],"replies":[{"embeddable":true,"href":"https:\/\/ggd.org.tr\/en\/wp-json\/wp\/v2\/comments?post=1822"}],"version-history":[{"count":6,"href":"https:\/\/ggd.org.tr\/en\/wp-json\/wp\/v2\/posts\/1822\/revisions"}],"predecessor-version":[{"id":3922,"href":"https:\/\/ggd.org.tr\/en\/wp-json\/wp\/v2\/posts\/1822\/revisions\/3922"}],"wp:featuredmedia":[{"embeddable":true,"href":"https:\/\/ggd.org.tr\/en\/wp-json\/wp\/v2\/media\/1827"}],"wp:attachment":[{"href":"https:\/\/ggd.org.tr\/en\/wp-json\/wp\/v2\/media?parent=1822"}],"wp:term":[{"taxonomy":"category","embeddable":true,"href":"https:\/\/ggd.org.tr\/en\/wp-json\/wp\/v2\/categories?post=1822"},{"taxonomy":"post_tag","embeddable":true,"href":"https:\/\/ggd.org.tr\/en\/wp-json\/wp\/v2\/tags?post=1822"}],"curies":[{"name":"wp","href":"https:\/\/api.w.org\/{rel}","templated":true}]}}