{"id":1142,"date":"2021-05-17T13:41:23","date_gmt":"2021-05-17T10:41:23","guid":{"rendered":"https:\/\/ggd.org.tr\/en\/?p=1142"},"modified":"2021-07-24T11:08:08","modified_gmt":"2021-07-24T08:08:08","slug":"gida-guvenliginde-cevresel-izlemenin-onemi","status":"publish","type":"post","link":"https:\/\/ggd.org.tr\/en\/gida-guvenliginde-cevresel-izlemenin-onemi\/","title":{"rendered":"The Importance of Environmental Tracking in Food Safety"},"content":{"rendered":"<p><img loading=\"lazy\" class=\"alignnone size-full wp-image-1343\" src=\"https:\/\/ggd.org.tr\/en\/wp-content\/uploads\/2021\/05\/Cevresel-Izleme-Son-Hali.png\" alt=\"\" width=\"800\" height=\"500\" srcset=\"https:\/\/ggd.org.tr\/en\/wp-content\/uploads\/2021\/05\/Cevresel-Izleme-Son-Hali.png 800w, https:\/\/ggd.org.tr\/en\/wp-content\/uploads\/2021\/05\/Cevresel-Izleme-Son-Hali-300x188.png 300w, https:\/\/ggd.org.tr\/en\/wp-content\/uploads\/2021\/05\/Cevresel-Izleme-Son-Hali-768x480.png 768w, https:\/\/ggd.org.tr\/en\/wp-content\/uploads\/2021\/05\/Cevresel-Izleme-Son-Hali-705x441.png 705w\" sizes=\"(max-width: 800px) 100vw, 800px\" \/><\/p>\n<p>25 May\u0131s 2021 saat 14:30\u00b4da&#8221;G\u0131da G\u00fcvenli\u011finde \u00c7evresel \u0130zlemenin \u00d6nemi&#8221; konusunda webinar ger\u00e7ekle\u015ftirilecektir.<\/p>\n<p>G\u0131da \u00fcretim tesislerindeki mikrobiyolojik tehlikelerin kontrol\u00fcnde \u00e7evresel ortamdan gelen bula\u015f\u0131lar\u0131 sistematik olarak izlemenin rol\u00fc konusunda yap\u0131lacak webinara kat\u0131l\u0131m\u0131n\u0131zdan  memnuniyet duyaca\u011f\u0131z.<\/p>\n<p>Kay\u0131t : <a href=\"https:\/\/zoom.us\/webinar\/register\/WN_lKnU2C18Rl-bnokitDeU1g\">https:\/\/zoom.us\/webinar\/register\/WN_lKnU2C18Rl-bnokitDeU1g<\/a><\/p>\n","protected":false},"excerpt":{"rendered":"<p>25 May\u0131s 2021 saat 14:30\u00b4da&#8221;G\u0131da G\u00fcvenli\u011finde \u00c7evresel \u0130zlemenin \u00d6nemi&#8221; konusunda webinar ger\u00e7ekle\u015ftirilecektir. G\u0131da \u00fcretim tesislerindeki mikrobiyolojik tehlikelerin kontrol\u00fcnde \u00e7evresel ortamdan gelen bula\u015f\u0131lar\u0131 sistematik olarak izlemenin rol\u00fc konusunda yap\u0131lacak webinara kat\u0131l\u0131m\u0131n\u0131zdan memnuniyet duyaca\u011f\u0131z. Kay\u0131t : https:\/\/zoom.us\/webinar\/register\/WN_lKnU2C18Rl-bnokitDeU1g<\/p>\n","protected":false},"author":2,"featured_media":1343,"comment_status":"closed","ping_status":"open","sticky":false,"template":"","format":"standard","meta":[],"categories":[4],"tags":[],"_links":{"self":[{"href":"https:\/\/ggd.org.tr\/en\/wp-json\/wp\/v2\/posts\/1142"}],"collection":[{"href":"https:\/\/ggd.org.tr\/en\/wp-json\/wp\/v2\/posts"}],"about":[{"href":"https:\/\/ggd.org.tr\/en\/wp-json\/wp\/v2\/types\/post"}],"author":[{"embeddable":true,"href":"https:\/\/ggd.org.tr\/en\/wp-json\/wp\/v2\/users\/2"}],"replies":[{"embeddable":true,"href":"https:\/\/ggd.org.tr\/en\/wp-json\/wp\/v2\/comments?post=1142"}],"version-history":[{"count":5,"href":"https:\/\/ggd.org.tr\/en\/wp-json\/wp\/v2\/posts\/1142\/revisions"}],"predecessor-version":[{"id":3277,"href":"https:\/\/ggd.org.tr\/en\/wp-json\/wp\/v2\/posts\/1142\/revisions\/3277"}],"wp:featuredmedia":[{"embeddable":true,"href":"https:\/\/ggd.org.tr\/en\/wp-json\/wp\/v2\/media\/1343"}],"wp:attachment":[{"href":"https:\/\/ggd.org.tr\/en\/wp-json\/wp\/v2\/media?parent=1142"}],"wp:term":[{"taxonomy":"category","embeddable":true,"href":"https:\/\/ggd.org.tr\/en\/wp-json\/wp\/v2\/categories?post=1142"},{"taxonomy":"post_tag","embeddable":true,"href":"https:\/\/ggd.org.tr\/en\/wp-json\/wp\/v2\/tags?post=1142"}],"curies":[{"name":"wp","href":"https:\/\/api.w.org\/{rel}","templated":true}]}}